{"id":1389,"date":"2024-11-20T01:50:30","date_gmt":"2024-11-20T01:50:30","guid":{"rendered":"https:\/\/fechiteme.cl\/ns\/?p=1389"},"modified":"2024-11-20T01:50:30","modified_gmt":"2024-11-20T01:50:30","slug":"planificacion-estrategica-2025-2028-ittf","status":"publish","type":"post","link":"https:\/\/fechiteme.cl\/ns\/2024\/11\/20\/planificacion-estrategica-2025-2028-ittf\/","title":{"rendered":"PLANIFICACI\u00d3N ESTRATEGICA 2025-2028 ITTF"},"content":{"rendered":"<p><strong>PLANIFICACI\u00d3N ESTRATEGICA 2025-2028 ITTF<\/strong><\/p>\n<p><strong>Santiago, 19 de noviembre de 2024<\/strong>. \u00a0Este fin de semana viajar\u00e1 a la ciudad de Helsingborg \u2013 Suecia el Head Coach de Fechiteme, Francisco Seijas \u00a0y conductor de cursos ITTF 3. Para participar del proceso de planificaci\u00f3n estrat\u00e9gica de cursos 2025-2028, organizado por la Federaci\u00f3n Internacional de Tenis de Mesa ITTF, bajo la direcci\u00f3n de su director Mikael Andersson, en las cuales se trabajar\u00e1n en algunos puntos tales como:<br \/>\n&#8211; Visi\u00f3n para el desarrollo futuro 2025-2028.<br \/>\n&#8211; Desarrollo del programa ITTF en educaci\u00f3n y sus proyecciones.<br \/>\n&#8211; Conclusiones de los niveles PTT 1-2<\/p>\n<p>En palabras de Seijas se\u00f1ala: \u201c <em>Es una tremenda oportunidad para trabajar con ITTF en varios temas de futuro para el tenis de mesa continental, en el \u00e1rea de educaci\u00f3n. Que fortalecer\u00e1 el trabajo educativo llevado a nivel continental y muy especialmente las posibilidades de seguir capacitando a los entrenadores de Chile de la mano de la nuevas experiencias realizadas en estos conservatorios internacionales<\/em>\u201d.<\/p>\n<p>Las reuniones de planificaci\u00f3n estrat\u00e9gicas de cursos ITTF ser\u00e1n desde el 25 al 30 de noviembre pr\u00f3ximo. Donde, paralelamente se estar\u00e1 realizado el Campeonato Mundial Juvenil de ITTF, donde se espera la participaci\u00f3n de este grupo de entrenadores mundiales \u00a0en el certamen internacional.<\/p>\n<p>Todo el \u00e9xito a nuestro Head Coach.<br \/>\nLink mundial: <a href=\"https:\/\/www.ittf.com\/tournament\/2853\/WorldYouthChampionships2024\/#information\">https:\/\/www.ittf.com\/tournament\/2853\/WorldYouthChampionships2024\/#information\u00a0<\/a><\/p>\n","protected":false},"excerpt":{"rendered":"<p>PLANIFICACI\u00d3N ESTRATEGICA 2025-2028 ITTF Santiago, 19 de noviembre de 2024. \u00a0Este fin de semana viajar\u00e1 a la ciudad de Helsingborg \u2013 Suecia el Head Coach de Fechiteme, Francisco Seijas \u00a0y conductor de cursos ITTF 3. Para participar del proceso de planificaci\u00f3n estrat\u00e9gica de cursos 2025-2028, organizado por la Federaci\u00f3n Internacional de Tenis de Mesa ITTF,&#8230;<\/p>\n","protected":false},"author":1,"featured_media":1390,"comment_status":"closed","ping_status":"closed","sticky":false,"template":"","format":"standard","meta":{"footnotes":""},"categories":[33,2],"tags":[],"class_list":["post-1389","post","type-post","status-publish","format-standard","has-post-thumbnail","hentry","category-ittf-news","category-noticias"],"_links":{"self":[{"href":"https:\/\/fechiteme.cl\/ns\/wp-json\/wp\/v2\/posts\/1389","targetHints":{"allow":["GET"]}}],"collection":[{"href":"https:\/\/fechiteme.cl\/ns\/wp-json\/wp\/v2\/posts"}],"about":[{"href":"https:\/\/fechiteme.cl\/ns\/wp-json\/wp\/v2\/types\/post"}],"author":[{"embeddable":true,"href":"https:\/\/fechiteme.cl\/ns\/wp-json\/wp\/v2\/users\/1"}],"replies":[{"embeddable":true,"href":"https:\/\/fechiteme.cl\/ns\/wp-json\/wp\/v2\/comments?post=1389"}],"version-history":[{"count":1,"href":"https:\/\/fechiteme.cl\/ns\/wp-json\/wp\/v2\/posts\/1389\/revisions"}],"predecessor-version":[{"id":1391,"href":"https:\/\/fechiteme.cl\/ns\/wp-json\/wp\/v2\/posts\/1389\/revisions\/1391"}],"wp:featuredmedia":[{"embeddable":true,"href":"https:\/\/fechiteme.cl\/ns\/wp-json\/wp\/v2\/media\/1390"}],"wp:attachment":[{"href":"https:\/\/fechiteme.cl\/ns\/wp-json\/wp\/v2\/media?parent=1389"}],"wp:term":[{"taxonomy":"category","embeddable":true,"href":"https:\/\/fechiteme.cl\/ns\/wp-json\/wp\/v2\/categories?post=1389"},{"taxonomy":"post_tag","embeddable":true,"href":"https:\/\/fechiteme.cl\/ns\/wp-json\/wp\/v2\/tags?post=1389"}],"curies":[{"name":"wp","href":"https:\/\/api.w.org\/{rel}","templated":true}]}}