{"id":1505,"date":"2024-11-27T21:27:08","date_gmt":"2024-11-27T21:27:08","guid":{"rendered":"https:\/\/fechiteme.cl\/ns\/?p=1505"},"modified":"2025-01-14T04:49:14","modified_gmt":"2025-01-14T04:49:14","slug":"selectivo-nacional-2025-u11-u13-y-u15","status":"publish","type":"post","link":"https:\/\/fechiteme.cl\/ns\/2024\/11\/27\/selectivo-nacional-2025-u11-u13-y-u15\/","title":{"rendered":"SELECTIVO NACIONAL 2025: U11, U13 y U15"},"content":{"rendered":"\t\t<div data-elementor-type=\"wp-post\" data-elementor-id=\"1505\" class=\"elementor elementor-1505\" data-elementor-post-type=\"post\">\n\t\t\t\t<div class=\"elementor-element elementor-element-358bca5 e-flex e-con-boxed e-con e-parent\" data-id=\"358bca5\" data-element_type=\"container\">\n\t\t\t\t\t<div class=\"e-con-inner\">\n\t\t\t\t<div class=\"elementor-element elementor-element-36d4fbd elementor-widget elementor-widget-heading\" data-id=\"36d4fbd\" data-element_type=\"widget\" data-widget_type=\"heading.default\">\n\t\t\t\t<div class=\"elementor-widget-container\">\n\t\t\t\t\t<h2 class=\"elementor-heading-title elementor-size-default\">Bases Oficiales Selectivo Nacional U11, U13 Y U15 v\u00eda 2025<\/h2>\t\t\t\t<\/div>\n\t\t\t\t<\/div>\n\t\t\t\t\t<\/div>\n\t\t\t\t<\/div>\n\t\t<div class=\"elementor-element elementor-element-de73b80 e-flex e-con-boxed e-con e-parent\" data-id=\"de73b80\" data-element_type=\"container\">\n\t\t\t\t\t<div class=\"e-con-inner\">\n\t\t\t\t<div class=\"elementor-element elementor-element-9617dac elementor-widget elementor-widget-text-editor\" data-id=\"9617dac\" data-element_type=\"widget\" data-widget_type=\"text-editor.default\">\n\t\t\t\t<div class=\"elementor-widget-container\">\n\t\t\t\t\t\t\t\t\t<p><strong><em>Informaci\u00f3n Selectivo Nacional U11, U13 y U15 v\u00eda 2025<\/em><\/strong><\/p><ul><li><a href=\"https:\/\/fechiteme.cl\/ns\/wp-content\/uploads\/2024\/12\/Bases_proceso_selectivo_U11_U13_U15_via_2025.pdf\">Bases Oficiales \u2013 Evento Nacional Selectivo <\/a>(PDF) \/ <em>actualizado: 20\/12\/2024<\/em><\/li><li>Reglamento Decreto N\u00b0 22<\/li><li><a href=\"https:\/\/fechiteme.cl\/ns\/wp-content\/uploads\/2024\/12\/NOMINADOS_SELECTIVO_u11_u19_2024.pdf\" target=\"_blank\" rel=\"noopener\">Listado de Convocados (PDF)<\/a>\u00a0\/ <em>actualizado: 20\/12\/2024<\/em><\/li><li><a href=\"https:\/\/fechiteme.cl\/ns\/normativas\/\">Listado Entrenadores Acreditados<\/a><\/li><li><strong><a href=\"https:\/\/fechiteme.cl\/ns\/wp-content\/uploads\/2025\/01\/Proceso-Selectivo-U11-U13-U15-Quillon-FECHITEME-via-2025-GRUPOS-PROGRAMACION.pdf\">GRUPOS &amp; PROGRAMACI\u00d3N (PDF)<\/a><\/strong><\/li><li>Libro de Resultados<\/li><\/ul><p><u>M\u00e1s informaci\u00f3n<\/u><\/p><p><strong>Lugar:<\/strong> <em>Gimnasio Municipal Polideportivo de Quill\u00f3n<\/em>\u00a0<\/p><p><strong>Fecha:<\/strong> viernes 17, s\u00e1bado 18 y domingo 19 de enero de 2025<\/p><p><strong>Organizador: <\/strong><em>Asociaci\u00f3n Chill\u00e1n Viejo<\/em> \/ <em>Federaci\u00f3n Chilena de Tenis de Mesa<\/em>\u00a0<\/p><p><strong>Pruebas: <\/strong><em>Individual Damas<\/em> e <em>Individual Varones\u00a0\u00a0<\/em><\/p><p><strong>Plazo de inscripci\u00f3n:<\/strong> hasta el JUEVES 09 DE ENERO de 2025<\/p><p><strong>Plataforma de Inscripci\u00f3n:<\/strong>\u00a0https:\/\/www.bipte.cl\/fechiteme\/app_Login\/<\/p><p><strong>Juez General:<\/strong> Sr. FRANCISCO HERN\u00c1NDEZ B.\u00a0<\/p><p><strong>Reglamentos Eventos 2025<\/strong><\/p><p><a href=\"https:\/\/fechiteme.cl\/ns\/wp-content\/uploads\/2024\/11\/STREAMING_FECHITEME_2024.pdf\"><em>Normativa Streaming y Fotograf\u00eda<\/em><\/a>\u00a0<\/p>\t\t\t\t\t\t\t\t<\/div>\n\t\t\t\t<\/div>\n\t\t\t\t\t<\/div>\n\t\t\t\t<\/div>\n\t\t<div class=\"elementor-element elementor-element-73c2099 e-flex e-con-boxed e-con e-parent\" data-id=\"73c2099\" data-element_type=\"container\">\n\t\t\t\t\t<div class=\"e-con-inner\">\n\t\t\t\t<div class=\"elementor-element elementor-element-9ed7505 elementor-widget elementor-widget-image\" data-id=\"9ed7505\" data-element_type=\"widget\" data-widget_type=\"image.default\">\n\t\t\t\t<div class=\"elementor-widget-container\">\n\t\t\t\t\t\t\t\t\t\t\t\t\t\t\t<img fetchpriority=\"high\" decoding=\"async\" width=\"640\" height=\"303\" src=\"https:\/\/fechiteme.cl\/ns\/wp-content\/uploads\/2024\/11\/quillon_2025-1024x485.avif\" class=\"attachment-large size-large wp-image-1507\" alt=\"\" srcset=\"https:\/\/fechiteme.cl\/ns\/wp-content\/uploads\/2024\/11\/quillon_2025-1024x485.avif 1024w, https:\/\/fechiteme.cl\/ns\/wp-content\/uploads\/2024\/11\/quillon_2025-300x142.avif 300w, https:\/\/fechiteme.cl\/ns\/wp-content\/uploads\/2024\/11\/quillon_2025-768x364.avif 768w, https:\/\/fechiteme.cl\/ns\/wp-content\/uploads\/2024\/11\/quillon_2025-1536x728.avif 1536w, https:\/\/fechiteme.cl\/ns\/wp-content\/uploads\/2024\/11\/quillon_2025.avif 1900w\" sizes=\"(max-width: 640px) 100vw, 640px\" \/>\t\t\t\t\t\t\t\t\t\t\t\t\t\t\t<\/div>\n\t\t\t\t<\/div>\n\t\t\t\t\t<\/div>\n\t\t\t\t<\/div>\n\t\t\t\t<\/div>\n\t\t","protected":false},"excerpt":{"rendered":"<p>Bases Oficiales Selectivo Nacional U11, U13 Y U15 v\u00eda 2025 Informaci\u00f3n Selectivo Nacional U11, U13 y U15 v\u00eda 2025 Bases Oficiales \u2013 Evento Nacional Selectivo (PDF) \/ actualizado: 20\/12\/2024 Reglamento Decreto N\u00b0 22 Listado de Convocados (PDF)\u00a0\/ actualizado: 20\/12\/2024 Listado Entrenadores Acreditados GRUPOS &amp; PROGRAMACI\u00d3N (PDF) Libro de Resultados M\u00e1s informaci\u00f3n Lugar: Gimnasio Municipal Polideportivo&#8230;<\/p>\n","protected":false},"author":1,"featured_media":812,"comment_status":"closed","ping_status":"closed","sticky":false,"template":"","format":"standard","meta":{"footnotes":""},"categories":[3],"tags":[],"class_list":["post-1505","post","type-post","status-publish","format-standard","has-post-thumbnail","hentry","category-bases-e-informativos"],"_links":{"self":[{"href":"https:\/\/fechiteme.cl\/ns\/wp-json\/wp\/v2\/posts\/1505","targetHints":{"allow":["GET"]}}],"collection":[{"href":"https:\/\/fechiteme.cl\/ns\/wp-json\/wp\/v2\/posts"}],"about":[{"href":"https:\/\/fechiteme.cl\/ns\/wp-json\/wp\/v2\/types\/post"}],"author":[{"embeddable":true,"href":"https:\/\/fechiteme.cl\/ns\/wp-json\/wp\/v2\/users\/1"}],"replies":[{"embeddable":true,"href":"https:\/\/fechiteme.cl\/ns\/wp-json\/wp\/v2\/comments?post=1505"}],"version-history":[{"count":25,"href":"https:\/\/fechiteme.cl\/ns\/wp-json\/wp\/v2\/posts\/1505\/revisions"}],"predecessor-version":[{"id":1963,"href":"https:\/\/fechiteme.cl\/ns\/wp-json\/wp\/v2\/posts\/1505\/revisions\/1963"}],"wp:featuredmedia":[{"embeddable":true,"href":"https:\/\/fechiteme.cl\/ns\/wp-json\/wp\/v2\/media\/812"}],"wp:attachment":[{"href":"https:\/\/fechiteme.cl\/ns\/wp-json\/wp\/v2\/media?parent=1505"}],"wp:term":[{"taxonomy":"category","embeddable":true,"href":"https:\/\/fechiteme.cl\/ns\/wp-json\/wp\/v2\/categories?post=1505"},{"taxonomy":"post_tag","embeddable":true,"href":"https:\/\/fechiteme.cl\/ns\/wp-json\/wp\/v2\/tags?post=1505"}],"curies":[{"name":"wp","href":"https:\/\/api.w.org\/{rel}","templated":true}]}}