{"id":1789,"date":"2024-12-23T15:54:01","date_gmt":"2024-12-23T15:54:01","guid":{"rendered":"https:\/\/fechiteme.cl\/ns\/?p=1789"},"modified":"2024-12-23T15:59:42","modified_gmt":"2024-12-23T15:59:42","slug":"campamento-de-entrenamiento-en-valdivia","status":"publish","type":"post","link":"https:\/\/fechiteme.cl\/ns\/2024\/12\/23\/campamento-de-entrenamiento-en-valdivia\/","title":{"rendered":"CAMPAMENTO DE ENTRENAMIENTO EN VALDIVIA"},"content":{"rendered":"\t\t<div data-elementor-type=\"wp-post\" data-elementor-id=\"1789\" class=\"elementor elementor-1789\" data-elementor-post-type=\"post\">\n\t\t\t\t<div class=\"elementor-element elementor-element-9a91447 e-flex e-con-boxed e-con e-parent\" data-id=\"9a91447\" data-element_type=\"container\">\n\t\t\t\t\t<div class=\"e-con-inner\">\n\t\t\t\t<div class=\"elementor-element elementor-element-9193526 elementor-widget elementor-widget-text-editor\" data-id=\"9193526\" data-element_type=\"widget\" data-widget_type=\"text-editor.default\">\n\t\t\t\t<div class=\"elementor-widget-container\">\n\t\t\t\t\t\t\t\t\t<p>Este pasado fin de semana en la comuna de Renca se estuvo desarrollando un campamento de entrenamiento dirigido por nuestro entrenador nacional Marcos N\u00fa\u00f1ez.\u00a0 Tras una gran convocatoria de jugadores pertenecientes a la Asociaci\u00f3n de Tenis de Mesa Calle Calle se concluy\u00f3 un campamento m\u00e1s que en conjunto a los realizados en Quilpu\u00e9 y Renca viene a complementar el trabajo de UTN en conjunto con distintas asociaciones de nuestro pa\u00eds.<\/p><p>En cuanto estas iniciativas, el entrenador coment\u00f3:<\/p><blockquote><p>El fomento de las asociaciones es fundamental para el pa\u00eds, ya que contribuye a la identificaci\u00f3n de nuevos talentos deportivos, especialmente en las regiones. Nos complace mucho colaborar y conocer de cerca el trabajo que realizan las asociaciones locales, y agradecemos sus gestiones y la atenci\u00f3n brindada<\/p><\/blockquote><p><img fetchpriority=\"high\" decoding=\"async\" class=\"aligncenter wp-image-1790 size-large\" src=\"https:\/\/fechiteme.cl\/ns\/wp-content\/uploads\/2024\/12\/Imagen-de-WhatsApp-2024-12-20-a-las-11.53.03_61f6936e-1024x768.jpg\" alt=\"\" width=\"640\" height=\"480\" srcset=\"https:\/\/fechiteme.cl\/ns\/wp-content\/uploads\/2024\/12\/Imagen-de-WhatsApp-2024-12-20-a-las-11.53.03_61f6936e-1024x768.jpg 1024w, https:\/\/fechiteme.cl\/ns\/wp-content\/uploads\/2024\/12\/Imagen-de-WhatsApp-2024-12-20-a-las-11.53.03_61f6936e-300x225.jpg 300w, https:\/\/fechiteme.cl\/ns\/wp-content\/uploads\/2024\/12\/Imagen-de-WhatsApp-2024-12-20-a-las-11.53.03_61f6936e-768x576.jpg 768w, https:\/\/fechiteme.cl\/ns\/wp-content\/uploads\/2024\/12\/Imagen-de-WhatsApp-2024-12-20-a-las-11.53.03_61f6936e.jpg 1280w\" sizes=\"(max-width: 640px) 100vw, 640px\" \/><\/p><p><img decoding=\"async\" class=\"aligncenter wp-image-1791 size-large\" src=\"https:\/\/fechiteme.cl\/ns\/wp-content\/uploads\/2024\/12\/Imagen-de-WhatsApp-2024-12-20-a-las-11.53.03_b620e920-1024x768.jpg\" alt=\"\" width=\"640\" height=\"480\" srcset=\"https:\/\/fechiteme.cl\/ns\/wp-content\/uploads\/2024\/12\/Imagen-de-WhatsApp-2024-12-20-a-las-11.53.03_b620e920-1024x768.jpg 1024w, https:\/\/fechiteme.cl\/ns\/wp-content\/uploads\/2024\/12\/Imagen-de-WhatsApp-2024-12-20-a-las-11.53.03_b620e920-300x225.jpg 300w, https:\/\/fechiteme.cl\/ns\/wp-content\/uploads\/2024\/12\/Imagen-de-WhatsApp-2024-12-20-a-las-11.53.03_b620e920-768x576.jpg 768w, https:\/\/fechiteme.cl\/ns\/wp-content\/uploads\/2024\/12\/Imagen-de-WhatsApp-2024-12-20-a-las-11.53.03_b620e920.jpg 1280w\" sizes=\"(max-width: 640px) 100vw, 640px\" \/> <img decoding=\"async\" class=\"aligncenter wp-image-1792 size-large\" src=\"https:\/\/fechiteme.cl\/ns\/wp-content\/uploads\/2024\/12\/Imagen-de-WhatsApp-2024-12-20-a-las-11.53.02_2958ac05-770x1024.jpg\" alt=\"\" width=\"640\" height=\"851\" srcset=\"https:\/\/fechiteme.cl\/ns\/wp-content\/uploads\/2024\/12\/Imagen-de-WhatsApp-2024-12-20-a-las-11.53.02_2958ac05-770x1024.jpg 770w, https:\/\/fechiteme.cl\/ns\/wp-content\/uploads\/2024\/12\/Imagen-de-WhatsApp-2024-12-20-a-las-11.53.02_2958ac05-226x300.jpg 226w, https:\/\/fechiteme.cl\/ns\/wp-content\/uploads\/2024\/12\/Imagen-de-WhatsApp-2024-12-20-a-las-11.53.02_2958ac05-768x1021.jpg 768w, https:\/\/fechiteme.cl\/ns\/wp-content\/uploads\/2024\/12\/Imagen-de-WhatsApp-2024-12-20-a-las-11.53.02_2958ac05.jpg 963w\" sizes=\"(max-width: 640px) 100vw, 640px\" \/><\/p>\t\t\t\t\t\t\t\t<\/div>\n\t\t\t\t<\/div>\n\t\t\t\t\t<\/div>\n\t\t\t\t<\/div>\n\t\t\t\t<\/div>\n\t\t","protected":false},"excerpt":{"rendered":"<p>Este pasado fin de semana en la comuna de Renca se estuvo desarrollando un campamento de entrenamiento dirigido por nuestro entrenador nacional Marcos N\u00fa\u00f1ez.\u00a0 Tras una gran convocatoria de jugadores pertenecientes a la Asociaci\u00f3n de Tenis de Mesa Calle Calle se concluy\u00f3 un campamento m\u00e1s que en conjunto a los realizados en Quilpu\u00e9 y Renca&#8230;<\/p>\n","protected":false},"author":3,"featured_media":1790,"comment_status":"closed","ping_status":"closed","sticky":false,"template":"","format":"standard","meta":{"footnotes":""},"categories":[2],"tags":[],"class_list":["post-1789","post","type-post","status-publish","format-standard","has-post-thumbnail","hentry","category-noticias"],"_links":{"self":[{"href":"https:\/\/fechiteme.cl\/ns\/wp-json\/wp\/v2\/posts\/1789","targetHints":{"allow":["GET"]}}],"collection":[{"href":"https:\/\/fechiteme.cl\/ns\/wp-json\/wp\/v2\/posts"}],"about":[{"href":"https:\/\/fechiteme.cl\/ns\/wp-json\/wp\/v2\/types\/post"}],"author":[{"embeddable":true,"href":"https:\/\/fechiteme.cl\/ns\/wp-json\/wp\/v2\/users\/3"}],"replies":[{"embeddable":true,"href":"https:\/\/fechiteme.cl\/ns\/wp-json\/wp\/v2\/comments?post=1789"}],"version-history":[{"count":4,"href":"https:\/\/fechiteme.cl\/ns\/wp-json\/wp\/v2\/posts\/1789\/revisions"}],"predecessor-version":[{"id":1796,"href":"https:\/\/fechiteme.cl\/ns\/wp-json\/wp\/v2\/posts\/1789\/revisions\/1796"}],"wp:featuredmedia":[{"embeddable":true,"href":"https:\/\/fechiteme.cl\/ns\/wp-json\/wp\/v2\/media\/1790"}],"wp:attachment":[{"href":"https:\/\/fechiteme.cl\/ns\/wp-json\/wp\/v2\/media?parent=1789"}],"wp:term":[{"taxonomy":"category","embeddable":true,"href":"https:\/\/fechiteme.cl\/ns\/wp-json\/wp\/v2\/categories?post=1789"},{"taxonomy":"post_tag","embeddable":true,"href":"https:\/\/fechiteme.cl\/ns\/wp-json\/wp\/v2\/tags?post=1789"}],"curies":[{"name":"wp","href":"https:\/\/api.w.org\/{rel}","templated":true}]}}