{"id":2019,"date":"2025-01-25T20:18:02","date_gmt":"2025-01-25T20:18:02","guid":{"rendered":"https:\/\/fechiteme.cl\/ns\/?p=2019"},"modified":"2025-01-28T18:08:53","modified_gmt":"2025-01-28T18:08:53","slug":"catalina-ramirez-ya-esta-en-suecia","status":"publish","type":"post","link":"https:\/\/fechiteme.cl\/ns\/2025\/01\/25\/catalina-ramirez-ya-esta-en-suecia\/","title":{"rendered":"\u00a1CATALINA RAM\u00cdREZ YA EST\u00c1 EN SUECIA!"},"content":{"rendered":"\t\t<div data-elementor-type=\"wp-post\" data-elementor-id=\"2019\" class=\"elementor elementor-2019\" data-elementor-post-type=\"post\">\n\t\t\t\t<div class=\"elementor-element elementor-element-f808d98 e-flex e-con-boxed e-con e-parent\" data-id=\"f808d98\" data-element_type=\"container\">\n\t\t\t\t\t<div class=\"e-con-inner\">\n\t\t\t\t<div class=\"elementor-element elementor-element-4d9d201 elementor-widget elementor-widget-text-editor\" data-id=\"4d9d201\" data-element_type=\"widget\" data-widget_type=\"text-editor.default\">\n\t\t\t\t<div class=\"elementor-widget-container\">\n\t\t\t\t\t\t\t\t\t<p><em>La seleccionada nacional de Tenis de Mesa, <strong>Catalina Ram\u00edrez<\/strong> ya est\u00e1 Halmstad, Suecia para participar de los pr\u00f3ximos tres meses en el campamento de entrenamiento de la ITTF. Donde Chile retoma el proceso de becas internacionales de jugadores de proyecci\u00f3n. <\/em><\/p><p><em>El <strong>Centro internacional de Halmstad \u2013 Suecia<\/strong>, es un de los m\u00e1s importante del continente europeo, todo bajo la direcci\u00f3n del Sr. Mikael Andersson, gestor de este tipo de actividades para nuestro pa\u00eds conjuntamente con nuestro head coach Francisco Seijas. Cabe precisar, que el Sr. Mikael Andersson es un conocido de nuestro pa\u00eds, que por vez primera comenz\u00f3 en ITTF con las becas de proyecci\u00f3n en aquellos a\u00f1os con Felipe Olivares, Mat\u00edas Contreras, Cristal Meses entre otros. <\/em><\/p><p><em>En palabras de Mikael Anderson nos se\u00f1ala: <\/em><\/p><blockquote><p><em>\u201cDesde el comienzo de mi trabajo en la ITTF (hace ya muchos a\u00f1os +20), trabajamos duro con j\u00f3venes jugadores talentosos de Chile, brind\u00e1ndoles oportunidades coordinadas para avanzar al nivel competitivo internacional, queremos retomar todo \u00a0aquello\u201d.<\/em><\/p><\/blockquote><p><em>Paralelamente a la beca otorgada por ITTF, Catalina estar\u00e1 recibiendo una ayuda importante del Plan Ol\u00edmpico Chileno, para participar de eventos en Europa, durante estos tres meses. <\/em><\/p><p><em>Un m\u00e9rito muy \u00a0importante es el aporte de la Asociaci\u00f3n Santiago y la Familia de Catalina que han asumido el compromiso de acompa\u00f1ar a la jugadora en Suecia durante estos tres meses \u2026 <\/em><\/p><p><em>\u00c9xito Catalina en este desaf\u00edo\u2026.. \u00a0<\/em><em>\u00a0<\/em><\/p><p><em>\u00a1Gracias a ITTF, Plan Ol\u00edmpico y Asociaci\u00f3n y Familia !<br \/>Juntos, podemos lograr grandes cosas.\u00a0<\/em><\/p><p><em>\u00a0<\/em><\/p>\t\t\t\t\t\t\t\t<\/div>\n\t\t\t\t<\/div>\n\t\t\t\t\t<\/div>\n\t\t\t\t<\/div>\n\t\t<div class=\"elementor-element elementor-element-3082490 e-flex e-con-boxed e-con e-parent\" data-id=\"3082490\" data-element_type=\"container\">\n\t\t\t\t\t<div class=\"e-con-inner\">\n\t\t\t\t<div class=\"elementor-element elementor-element-65b5103 elementor-widget elementor-widget-video\" data-id=\"65b5103\" data-element_type=\"widget\" data-settings=\"{&quot;video_type&quot;:&quot;hosted&quot;,&quot;controls&quot;:&quot;yes&quot;}\" data-widget_type=\"video.default\">\n\t\t\t\t<div class=\"elementor-widget-container\">\n\t\t\t\t\t\t\t<div class=\"e-hosted-video elementor-wrapper elementor-open-inline\">\n\t\t\t\t\t<video class=\"elementor-video\" src=\"https:\/\/fechiteme.cl\/ns\/wp-content\/uploads\/2025\/01\/Video_Catalina_ramirez.mp4\" controls=\"\" preload=\"auto\" controlsList=\"nodownload\"><\/video>\n\t\t\t\t<\/div>\n\t\t\t\t\t\t<\/div>\n\t\t\t\t<\/div>\n\t\t\t\t\t<\/div>\n\t\t\t\t<\/div>\n\t\t\t\t<\/div>\n\t\t","protected":false},"excerpt":{"rendered":"<p>La seleccionada nacional de Tenis de Mesa, Catalina Ram\u00edrez ya est\u00e1 Halmstad, Suecia para participar de los pr\u00f3ximos tres meses en el campamento de entrenamiento de la ITTF. Donde Chile retoma el proceso de becas internacionales de jugadores de proyecci\u00f3n. El Centro internacional de Halmstad \u2013 Suecia, es un de los m\u00e1s importante del continente&#8230;<\/p>\n","protected":false},"author":1,"featured_media":2021,"comment_status":"closed","ping_status":"closed","sticky":false,"template":"","format":"standard","meta":{"footnotes":""},"categories":[1],"tags":[],"class_list":["post-2019","post","type-post","status-publish","format-standard","has-post-thumbnail","hentry","category-ligas-nacionales"],"_links":{"self":[{"href":"https:\/\/fechiteme.cl\/ns\/wp-json\/wp\/v2\/posts\/2019","targetHints":{"allow":["GET"]}}],"collection":[{"href":"https:\/\/fechiteme.cl\/ns\/wp-json\/wp\/v2\/posts"}],"about":[{"href":"https:\/\/fechiteme.cl\/ns\/wp-json\/wp\/v2\/types\/post"}],"author":[{"embeddable":true,"href":"https:\/\/fechiteme.cl\/ns\/wp-json\/wp\/v2\/users\/1"}],"replies":[{"embeddable":true,"href":"https:\/\/fechiteme.cl\/ns\/wp-json\/wp\/v2\/comments?post=2019"}],"version-history":[{"count":15,"href":"https:\/\/fechiteme.cl\/ns\/wp-json\/wp\/v2\/posts\/2019\/revisions"}],"predecessor-version":[{"id":2043,"href":"https:\/\/fechiteme.cl\/ns\/wp-json\/wp\/v2\/posts\/2019\/revisions\/2043"}],"wp:featuredmedia":[{"embeddable":true,"href":"https:\/\/fechiteme.cl\/ns\/wp-json\/wp\/v2\/media\/2021"}],"wp:attachment":[{"href":"https:\/\/fechiteme.cl\/ns\/wp-json\/wp\/v2\/media?parent=2019"}],"wp:term":[{"taxonomy":"category","embeddable":true,"href":"https:\/\/fechiteme.cl\/ns\/wp-json\/wp\/v2\/categories?post=2019"},{"taxonomy":"post_tag","embeddable":true,"href":"https:\/\/fechiteme.cl\/ns\/wp-json\/wp\/v2\/tags?post=2019"}],"curies":[{"name":"wp","href":"https:\/\/api.w.org\/{rel}","templated":true}]}}