{"id":2053,"date":"2025-01-29T16:39:09","date_gmt":"2025-01-29T16:39:09","guid":{"rendered":"https:\/\/fechiteme.cl\/ns\/?p=2053"},"modified":"2025-01-29T16:42:56","modified_gmt":"2025-01-29T16:42:56","slug":"conoce-a-las-selecciones-nacionales-de-menores-2025","status":"publish","type":"post","link":"https:\/\/fechiteme.cl\/ns\/2025\/01\/29\/conoce-a-las-selecciones-nacionales-de-menores-2025\/","title":{"rendered":"\u00a1CONOCE A LAS SELECCIONES NACIONALES DE MENORES 2025!"},"content":{"rendered":"\t\t<div data-elementor-type=\"wp-post\" data-elementor-id=\"2053\" class=\"elementor elementor-2053\" data-elementor-post-type=\"post\">\n\t\t\t\t<div class=\"elementor-element elementor-element-4e69ed9 e-flex e-con-boxed e-con e-parent\" data-id=\"4e69ed9\" data-element_type=\"container\">\n\t\t\t\t\t<div class=\"e-con-inner\">\n\t\t\t\t<div class=\"elementor-element elementor-element-3dc248e elementor-widget elementor-widget-text-editor\" data-id=\"3dc248e\" data-element_type=\"widget\" data-widget_type=\"text-editor.default\">\n\t\t\t\t<div class=\"elementor-widget-container\">\n\t\t\t\t\t\t\t\t\t<p>\ud83d\udccdEl pasado 17, 18 y 19 de Enero en dependencias del Gimnasio Municipal Polideportivo de Quill\u00f3n se desarroll\u00f3 el Selectivo Nacional U11-U13-U15 que otorga los cupos (4 damas y 4 varones) para conformar la Selecci\u00f3n Nacional de cada categor\u00eda.<\/p><p>\u2139\ufe0fLuego de 3 d\u00edas de competencia ya se determin\u00f3 a los pr\u00f3ximos representantes de nuestro pa\u00eds en las competencias internacionales 2025.<\/p><p>\u2139\ufe0fRevisa el detalle de los Seleccionados Nacionales.<\/p><p>U-11 DAMAS<\/p><p>Estefan\u00eda Vega (Osorno)<br \/>Emilia Concha (Chill\u00e1n Viejo)<br \/>Agustina Loza (San Miguel)<br \/>Paz Vera (El Monte)<\/p><p>U-11 VARONES<\/p><p>Vicente Tejeda (Calle Calle)<br \/>Isaac Trujillo (Valdivia)<br \/>Marcelo Contreras (Conchal\u00ed)<br \/>Agust\u00edn Miranda (Osorno)<\/p><p>U-13 DAMAS<\/p><p>Sof\u00eda Reyes (Osorno)<br \/>Magdalena Gallardo (Team Santiago)<br \/>Agustina L\u00f3pez (Team Santiago)<br \/>Valentina Mons\u00e1lvez (Antofagasta)<\/p><p>U-13 VARONES<\/p><p>Nicol\u00e1s Leyton (Valpara\u00edso)<br \/>Agust\u00edn Acu\u00f1a (Macul)<br \/>Vicente C\u00e1rdenas (Valdivia)<br \/>Tom\u00e1s Mosqueira (Osorno)<\/p><p>U-15 DAMAS<\/p><p>Catalina Ram\u00edrez (Team Santiago)<br \/>Jacinta Carrasco (Chill\u00e1n)<br \/>Ignacia Jim\u00e9nez (Angelina)<br \/>Emilia Villaroel (Osorno)<\/p><p>U-15 VARONES<\/p><p>\u00c1ngel Orellana (Talca)<br \/>Alonso Pacheco (Team Santiago)<br \/>\u00c1xel Tobar (Uni\u00f3n Quilpu\u00e9)<br \/>Benjam\u00edn Carrasco (Nancagua)<\/p><p>\u2757\ufe0fImportante mencionar que la representaci\u00f3n nacional en competencias internacionales estar\u00e1 financiada por IND a trav\u00e9s de proyectos deportivos.\u00a0<\/p><p><div id='gallery-1' class='gallery galleryid-2053 gallery-columns-2 gallery-size-large'><figure class='gallery-item'>\n\t\t\t<div class='gallery-icon landscape'>\n\t\t\t\t<a href='https:\/\/fechiteme.cl\/ns\/2025\/01\/29\/conoce-a-las-selecciones-nacionales-de-menores-2025\/saveclip-app_474902179_18442327879073194_3543399945764018872_n\/'><img fetchpriority=\"high\" decoding=\"async\" width=\"640\" height=\"360\" src=\"https:\/\/fechiteme.cl\/ns\/wp-content\/uploads\/2025\/01\/SaveClip.App_474902179_18442327879073194_3543399945764018872_n-1024x576.jpg\" class=\"attachment-large size-large\" alt=\"\" srcset=\"https:\/\/fechiteme.cl\/ns\/wp-content\/uploads\/2025\/01\/SaveClip.App_474902179_18442327879073194_3543399945764018872_n-1024x576.jpg 1024w, https:\/\/fechiteme.cl\/ns\/wp-content\/uploads\/2025\/01\/SaveClip.App_474902179_18442327879073194_3543399945764018872_n-300x169.jpg 300w, https:\/\/fechiteme.cl\/ns\/wp-content\/uploads\/2025\/01\/SaveClip.App_474902179_18442327879073194_3543399945764018872_n-768x432.jpg 768w, https:\/\/fechiteme.cl\/ns\/wp-content\/uploads\/2025\/01\/SaveClip.App_474902179_18442327879073194_3543399945764018872_n.jpg 1080w\" sizes=\"(max-width: 640px) 100vw, 640px\" \/><\/a>\n\t\t\t<\/div><\/figure><figure class='gallery-item'>\n\t\t\t<div class='gallery-icon landscape'>\n\t\t\t\t<a href='https:\/\/fechiteme.cl\/ns\/2025\/01\/29\/conoce-a-las-selecciones-nacionales-de-menores-2025\/saveclip-app_475228860_18442327891073194_592725365107438707_n-2\/'><img decoding=\"async\" width=\"640\" height=\"360\" src=\"https:\/\/fechiteme.cl\/ns\/wp-content\/uploads\/2025\/01\/SaveClip.App_475228860_18442327891073194_592725365107438707_n-1-1024x576.jpg\" class=\"attachment-large size-large\" alt=\"\" srcset=\"https:\/\/fechiteme.cl\/ns\/wp-content\/uploads\/2025\/01\/SaveClip.App_475228860_18442327891073194_592725365107438707_n-1-1024x576.jpg 1024w, https:\/\/fechiteme.cl\/ns\/wp-content\/uploads\/2025\/01\/SaveClip.App_475228860_18442327891073194_592725365107438707_n-1-300x169.jpg 300w, https:\/\/fechiteme.cl\/ns\/wp-content\/uploads\/2025\/01\/SaveClip.App_475228860_18442327891073194_592725365107438707_n-1-768x432.jpg 768w, https:\/\/fechiteme.cl\/ns\/wp-content\/uploads\/2025\/01\/SaveClip.App_475228860_18442327891073194_592725365107438707_n-1.jpg 1080w\" sizes=\"(max-width: 640px) 100vw, 640px\" \/><\/a>\n\t\t\t<\/div><\/figure><figure class='gallery-item'>\n\t\t\t<div class='gallery-icon landscape'>\n\t\t\t\t<a href='https:\/\/fechiteme.cl\/ns\/2025\/01\/29\/conoce-a-las-selecciones-nacionales-de-menores-2025\/dsc_0604-mejorado-nr\/'><img decoding=\"async\" width=\"640\" height=\"427\" src=\"https:\/\/fechiteme.cl\/ns\/wp-content\/uploads\/2025\/01\/DSC_0604-Mejorado-NR-1024x683.jpg\" class=\"attachment-large size-large\" alt=\"\" srcset=\"https:\/\/fechiteme.cl\/ns\/wp-content\/uploads\/2025\/01\/DSC_0604-Mejorado-NR-1024x683.jpg 1024w, https:\/\/fechiteme.cl\/ns\/wp-content\/uploads\/2025\/01\/DSC_0604-Mejorado-NR-300x200.jpg 300w, https:\/\/fechiteme.cl\/ns\/wp-content\/uploads\/2025\/01\/DSC_0604-Mejorado-NR-768x512.jpg 768w, https:\/\/fechiteme.cl\/ns\/wp-content\/uploads\/2025\/01\/DSC_0604-Mejorado-NR-1536x1024.jpg 1536w, https:\/\/fechiteme.cl\/ns\/wp-content\/uploads\/2025\/01\/DSC_0604-Mejorado-NR-2048x1365.jpg 2048w, https:\/\/fechiteme.cl\/ns\/wp-content\/uploads\/2025\/01\/DSC_0604-Mejorado-NR-600x400.jpg 600w\" sizes=\"(max-width: 640px) 100vw, 640px\" \/><\/a>\n\t\t\t<\/div><\/figure><figure class='gallery-item'>\n\t\t\t<div class='gallery-icon landscape'>\n\t\t\t\t<a href='https:\/\/fechiteme.cl\/ns\/2025\/01\/29\/conoce-a-las-selecciones-nacionales-de-menores-2025\/dsc_0620-mejorado-nr\/'><img loading=\"lazy\" decoding=\"async\" width=\"640\" height=\"427\" src=\"https:\/\/fechiteme.cl\/ns\/wp-content\/uploads\/2025\/01\/DSC_0620-Mejorado-NR-1024x683.jpg\" class=\"attachment-large size-large\" alt=\"\" srcset=\"https:\/\/fechiteme.cl\/ns\/wp-content\/uploads\/2025\/01\/DSC_0620-Mejorado-NR-1024x683.jpg 1024w, https:\/\/fechiteme.cl\/ns\/wp-content\/uploads\/2025\/01\/DSC_0620-Mejorado-NR-300x200.jpg 300w, https:\/\/fechiteme.cl\/ns\/wp-content\/uploads\/2025\/01\/DSC_0620-Mejorado-NR-768x512.jpg 768w, https:\/\/fechiteme.cl\/ns\/wp-content\/uploads\/2025\/01\/DSC_0620-Mejorado-NR-1536x1024.jpg 1536w, https:\/\/fechiteme.cl\/ns\/wp-content\/uploads\/2025\/01\/DSC_0620-Mejorado-NR-2048x1365.jpg 2048w, https:\/\/fechiteme.cl\/ns\/wp-content\/uploads\/2025\/01\/DSC_0620-Mejorado-NR-600x400.jpg 600w\" sizes=\"(max-width: 640px) 100vw, 640px\" \/><\/a>\n\t\t\t<\/div><\/figure><figure class='gallery-item'>\n\t\t\t<div class='gallery-icon landscape'>\n\t\t\t\t<a href='https:\/\/fechiteme.cl\/ns\/2025\/01\/29\/conoce-a-las-selecciones-nacionales-de-menores-2025\/dsc_0630-mejorado-nr\/'><img loading=\"lazy\" decoding=\"async\" width=\"640\" height=\"427\" src=\"https:\/\/fechiteme.cl\/ns\/wp-content\/uploads\/2025\/01\/DSC_0630-Mejorado-NR-1024x683.jpg\" class=\"attachment-large size-large\" alt=\"\" srcset=\"https:\/\/fechiteme.cl\/ns\/wp-content\/uploads\/2025\/01\/DSC_0630-Mejorado-NR-1024x683.jpg 1024w, https:\/\/fechiteme.cl\/ns\/wp-content\/uploads\/2025\/01\/DSC_0630-Mejorado-NR-300x200.jpg 300w, https:\/\/fechiteme.cl\/ns\/wp-content\/uploads\/2025\/01\/DSC_0630-Mejorado-NR-768x512.jpg 768w, https:\/\/fechiteme.cl\/ns\/wp-content\/uploads\/2025\/01\/DSC_0630-Mejorado-NR-1536x1024.jpg 1536w, https:\/\/fechiteme.cl\/ns\/wp-content\/uploads\/2025\/01\/DSC_0630-Mejorado-NR-2048x1365.jpg 2048w, https:\/\/fechiteme.cl\/ns\/wp-content\/uploads\/2025\/01\/DSC_0630-Mejorado-NR-600x400.jpg 600w\" sizes=\"(max-width: 640px) 100vw, 640px\" \/><\/a>\n\t\t\t<\/div><\/figure><figure class='gallery-item'>\n\t\t\t<div class='gallery-icon landscape'>\n\t\t\t\t<a href='https:\/\/fechiteme.cl\/ns\/2025\/01\/29\/conoce-a-las-selecciones-nacionales-de-menores-2025\/dsc_0640-mejorado-nr\/'><img loading=\"lazy\" decoding=\"async\" width=\"640\" height=\"427\" src=\"https:\/\/fechiteme.cl\/ns\/wp-content\/uploads\/2025\/01\/DSC_0640-Mejorado-NR-1024x683.jpg\" class=\"attachment-large size-large\" alt=\"\" srcset=\"https:\/\/fechiteme.cl\/ns\/wp-content\/uploads\/2025\/01\/DSC_0640-Mejorado-NR-1024x683.jpg 1024w, https:\/\/fechiteme.cl\/ns\/wp-content\/uploads\/2025\/01\/DSC_0640-Mejorado-NR-300x200.jpg 300w, https:\/\/fechiteme.cl\/ns\/wp-content\/uploads\/2025\/01\/DSC_0640-Mejorado-NR-768x512.jpg 768w, https:\/\/fechiteme.cl\/ns\/wp-content\/uploads\/2025\/01\/DSC_0640-Mejorado-NR-1536x1024.jpg 1536w, https:\/\/fechiteme.cl\/ns\/wp-content\/uploads\/2025\/01\/DSC_0640-Mejorado-NR-2048x1365.jpg 2048w, https:\/\/fechiteme.cl\/ns\/wp-content\/uploads\/2025\/01\/DSC_0640-Mejorado-NR-600x400.jpg 600w\" sizes=\"(max-width: 640px) 100vw, 640px\" \/><\/a>\n\t\t\t<\/div><\/figure><figure class='gallery-item'>\n\t\t\t<div class='gallery-icon landscape'>\n\t\t\t\t<a href='https:\/\/fechiteme.cl\/ns\/2025\/01\/29\/conoce-a-las-selecciones-nacionales-de-menores-2025\/dsc_0653-mejorado-nr\/'><img loading=\"lazy\" decoding=\"async\" width=\"640\" height=\"427\" src=\"https:\/\/fechiteme.cl\/ns\/wp-content\/uploads\/2025\/01\/DSC_0653-Mejorado-NR-1024x683.jpg\" class=\"attachment-large size-large\" alt=\"\" srcset=\"https:\/\/fechiteme.cl\/ns\/wp-content\/uploads\/2025\/01\/DSC_0653-Mejorado-NR-1024x683.jpg 1024w, https:\/\/fechiteme.cl\/ns\/wp-content\/uploads\/2025\/01\/DSC_0653-Mejorado-NR-300x200.jpg 300w, https:\/\/fechiteme.cl\/ns\/wp-content\/uploads\/2025\/01\/DSC_0653-Mejorado-NR-768x512.jpg 768w, https:\/\/fechiteme.cl\/ns\/wp-content\/uploads\/2025\/01\/DSC_0653-Mejorado-NR-1536x1024.jpg 1536w, https:\/\/fechiteme.cl\/ns\/wp-content\/uploads\/2025\/01\/DSC_0653-Mejorado-NR-2048x1365.jpg 2048w, https:\/\/fechiteme.cl\/ns\/wp-content\/uploads\/2025\/01\/DSC_0653-Mejorado-NR-600x400.jpg 600w\" sizes=\"(max-width: 640px) 100vw, 640px\" \/><\/a>\n\t\t\t<\/div><\/figure><figure class='gallery-item'>\n\t\t\t<div class='gallery-icon landscape'>\n\t\t\t\t<a href='https:\/\/fechiteme.cl\/ns\/2025\/01\/29\/conoce-a-las-selecciones-nacionales-de-menores-2025\/dsc_0684-mejorado-nr\/'><img loading=\"lazy\" decoding=\"async\" width=\"640\" height=\"427\" src=\"https:\/\/fechiteme.cl\/ns\/wp-content\/uploads\/2025\/01\/DSC_0684-Mejorado-NR-1024x683.jpg\" class=\"attachment-large size-large\" alt=\"\" srcset=\"https:\/\/fechiteme.cl\/ns\/wp-content\/uploads\/2025\/01\/DSC_0684-Mejorado-NR-1024x683.jpg 1024w, https:\/\/fechiteme.cl\/ns\/wp-content\/uploads\/2025\/01\/DSC_0684-Mejorado-NR-300x200.jpg 300w, https:\/\/fechiteme.cl\/ns\/wp-content\/uploads\/2025\/01\/DSC_0684-Mejorado-NR-768x512.jpg 768w, https:\/\/fechiteme.cl\/ns\/wp-content\/uploads\/2025\/01\/DSC_0684-Mejorado-NR-1536x1024.jpg 1536w, https:\/\/fechiteme.cl\/ns\/wp-content\/uploads\/2025\/01\/DSC_0684-Mejorado-NR-2048x1365.jpg 2048w, https:\/\/fechiteme.cl\/ns\/wp-content\/uploads\/2025\/01\/DSC_0684-Mejorado-NR-600x400.jpg 600w\" sizes=\"(max-width: 640px) 100vw, 640px\" \/><\/a>\n\t\t\t<\/div><\/figure><figure class='gallery-item'>\n\t\t\t<div class='gallery-icon landscape'>\n\t\t\t\t<a href='https:\/\/fechiteme.cl\/ns\/2025\/01\/29\/conoce-a-las-selecciones-nacionales-de-menores-2025\/dsc_0698-mejorado-nr\/'><img loading=\"lazy\" decoding=\"async\" width=\"640\" height=\"427\" src=\"https:\/\/fechiteme.cl\/ns\/wp-content\/uploads\/2025\/01\/DSC_0698-Mejorado-NR-1024x683.jpg\" class=\"attachment-large size-large\" alt=\"\" srcset=\"https:\/\/fechiteme.cl\/ns\/wp-content\/uploads\/2025\/01\/DSC_0698-Mejorado-NR-1024x683.jpg 1024w, https:\/\/fechiteme.cl\/ns\/wp-content\/uploads\/2025\/01\/DSC_0698-Mejorado-NR-300x200.jpg 300w, https:\/\/fechiteme.cl\/ns\/wp-content\/uploads\/2025\/01\/DSC_0698-Mejorado-NR-768x512.jpg 768w, https:\/\/fechiteme.cl\/ns\/wp-content\/uploads\/2025\/01\/DSC_0698-Mejorado-NR-1536x1024.jpg 1536w, https:\/\/fechiteme.cl\/ns\/wp-content\/uploads\/2025\/01\/DSC_0698-Mejorado-NR-2048x1365.jpg 2048w, https:\/\/fechiteme.cl\/ns\/wp-content\/uploads\/2025\/01\/DSC_0698-Mejorado-NR-600x400.jpg 600w\" sizes=\"(max-width: 640px) 100vw, 640px\" \/><\/a>\n\t\t\t<\/div><\/figure><figure class='gallery-item'>\n\t\t\t<div class='gallery-icon landscape'>\n\t\t\t\t<a href='https:\/\/fechiteme.cl\/ns\/2025\/01\/29\/conoce-a-las-selecciones-nacionales-de-menores-2025\/dsc_0713-mejorado-nr\/'><img loading=\"lazy\" decoding=\"async\" width=\"640\" height=\"427\" src=\"https:\/\/fechiteme.cl\/ns\/wp-content\/uploads\/2025\/01\/DSC_0713-Mejorado-NR-1024x683.jpg\" class=\"attachment-large size-large\" alt=\"\" srcset=\"https:\/\/fechiteme.cl\/ns\/wp-content\/uploads\/2025\/01\/DSC_0713-Mejorado-NR-1024x683.jpg 1024w, https:\/\/fechiteme.cl\/ns\/wp-content\/uploads\/2025\/01\/DSC_0713-Mejorado-NR-300x200.jpg 300w, https:\/\/fechiteme.cl\/ns\/wp-content\/uploads\/2025\/01\/DSC_0713-Mejorado-NR-768x512.jpg 768w, https:\/\/fechiteme.cl\/ns\/wp-content\/uploads\/2025\/01\/DSC_0713-Mejorado-NR-1536x1024.jpg 1536w, https:\/\/fechiteme.cl\/ns\/wp-content\/uploads\/2025\/01\/DSC_0713-Mejorado-NR-2048x1365.jpg 2048w, https:\/\/fechiteme.cl\/ns\/wp-content\/uploads\/2025\/01\/DSC_0713-Mejorado-NR-600x400.jpg 600w\" sizes=\"(max-width: 640px) 100vw, 640px\" \/><\/a>\n\t\t\t<\/div><\/figure><figure class='gallery-item'>\n\t\t\t<div class='gallery-icon landscape'>\n\t\t\t\t<a href='https:\/\/fechiteme.cl\/ns\/2025\/01\/29\/conoce-a-las-selecciones-nacionales-de-menores-2025\/dsc_0730-mejorado-nr\/'><img loading=\"lazy\" decoding=\"async\" width=\"640\" height=\"427\" src=\"https:\/\/fechiteme.cl\/ns\/wp-content\/uploads\/2025\/01\/DSC_0730-Mejorado-NR-1024x683.jpg\" class=\"attachment-large size-large\" alt=\"\" srcset=\"https:\/\/fechiteme.cl\/ns\/wp-content\/uploads\/2025\/01\/DSC_0730-Mejorado-NR-1024x683.jpg 1024w, https:\/\/fechiteme.cl\/ns\/wp-content\/uploads\/2025\/01\/DSC_0730-Mejorado-NR-300x200.jpg 300w, https:\/\/fechiteme.cl\/ns\/wp-content\/uploads\/2025\/01\/DSC_0730-Mejorado-NR-768x512.jpg 768w, https:\/\/fechiteme.cl\/ns\/wp-content\/uploads\/2025\/01\/DSC_0730-Mejorado-NR-1536x1024.jpg 1536w, https:\/\/fechiteme.cl\/ns\/wp-content\/uploads\/2025\/01\/DSC_0730-Mejorado-NR-2048x1365.jpg 2048w, https:\/\/fechiteme.cl\/ns\/wp-content\/uploads\/2025\/01\/DSC_0730-Mejorado-NR-600x400.jpg 600w\" sizes=\"(max-width: 640px) 100vw, 640px\" \/><\/a>\n\t\t\t<\/div><\/figure><figure class='gallery-item'>\n\t\t\t<div class='gallery-icon landscape'>\n\t\t\t\t<a href='https:\/\/fechiteme.cl\/ns\/2025\/01\/29\/conoce-a-las-selecciones-nacionales-de-menores-2025\/dsc_0987-mejorado-nr\/'><img loading=\"lazy\" decoding=\"async\" width=\"640\" height=\"427\" src=\"https:\/\/fechiteme.cl\/ns\/wp-content\/uploads\/2025\/01\/DSC_0987-Mejorado-NR-1024x683.jpg\" class=\"attachment-large size-large\" alt=\"\" srcset=\"https:\/\/fechiteme.cl\/ns\/wp-content\/uploads\/2025\/01\/DSC_0987-Mejorado-NR-1024x683.jpg 1024w, https:\/\/fechiteme.cl\/ns\/wp-content\/uploads\/2025\/01\/DSC_0987-Mejorado-NR-300x200.jpg 300w, https:\/\/fechiteme.cl\/ns\/wp-content\/uploads\/2025\/01\/DSC_0987-Mejorado-NR-768x512.jpg 768w, https:\/\/fechiteme.cl\/ns\/wp-content\/uploads\/2025\/01\/DSC_0987-Mejorado-NR-1536x1024.jpg 1536w, https:\/\/fechiteme.cl\/ns\/wp-content\/uploads\/2025\/01\/DSC_0987-Mejorado-NR-2048x1365.jpg 2048w, https:\/\/fechiteme.cl\/ns\/wp-content\/uploads\/2025\/01\/DSC_0987-Mejorado-NR-600x400.jpg 600w\" sizes=\"(max-width: 640px) 100vw, 640px\" \/><\/a>\n\t\t\t<\/div><\/figure><figure class='gallery-item'>\n\t\t\t<div class='gallery-icon landscape'>\n\t\t\t\t<a href='https:\/\/fechiteme.cl\/ns\/2025\/01\/29\/conoce-a-las-selecciones-nacionales-de-menores-2025\/dsc_0890-mejorado-nr\/'><img loading=\"lazy\" decoding=\"async\" width=\"640\" height=\"427\" src=\"https:\/\/fechiteme.cl\/ns\/wp-content\/uploads\/2025\/01\/DSC_0890-Mejorado-NR-1024x683.jpg\" class=\"attachment-large size-large\" alt=\"\" srcset=\"https:\/\/fechiteme.cl\/ns\/wp-content\/uploads\/2025\/01\/DSC_0890-Mejorado-NR-1024x683.jpg 1024w, https:\/\/fechiteme.cl\/ns\/wp-content\/uploads\/2025\/01\/DSC_0890-Mejorado-NR-300x200.jpg 300w, https:\/\/fechiteme.cl\/ns\/wp-content\/uploads\/2025\/01\/DSC_0890-Mejorado-NR-768x512.jpg 768w, https:\/\/fechiteme.cl\/ns\/wp-content\/uploads\/2025\/01\/DSC_0890-Mejorado-NR-1536x1024.jpg 1536w, https:\/\/fechiteme.cl\/ns\/wp-content\/uploads\/2025\/01\/DSC_0890-Mejorado-NR-2048x1365.jpg 2048w, https:\/\/fechiteme.cl\/ns\/wp-content\/uploads\/2025\/01\/DSC_0890-Mejorado-NR-600x400.jpg 600w\" sizes=\"(max-width: 640px) 100vw, 640px\" \/><\/a>\n\t\t\t<\/div><\/figure><figure class='gallery-item'>\n\t\t\t<div class='gallery-icon landscape'>\n\t\t\t\t<a href='https:\/\/fechiteme.cl\/ns\/2025\/01\/29\/conoce-a-las-selecciones-nacionales-de-menores-2025\/dsc_0905-mejorado-nr\/'><img loading=\"lazy\" decoding=\"async\" width=\"640\" height=\"427\" src=\"https:\/\/fechiteme.cl\/ns\/wp-content\/uploads\/2025\/01\/DSC_0905-Mejorado-NR-1024x683.jpg\" class=\"attachment-large size-large\" alt=\"\" srcset=\"https:\/\/fechiteme.cl\/ns\/wp-content\/uploads\/2025\/01\/DSC_0905-Mejorado-NR-1024x683.jpg 1024w, https:\/\/fechiteme.cl\/ns\/wp-content\/uploads\/2025\/01\/DSC_0905-Mejorado-NR-300x200.jpg 300w, https:\/\/fechiteme.cl\/ns\/wp-content\/uploads\/2025\/01\/DSC_0905-Mejorado-NR-768x512.jpg 768w, https:\/\/fechiteme.cl\/ns\/wp-content\/uploads\/2025\/01\/DSC_0905-Mejorado-NR-1536x1024.jpg 1536w, https:\/\/fechiteme.cl\/ns\/wp-content\/uploads\/2025\/01\/DSC_0905-Mejorado-NR-2048x1365.jpg 2048w, https:\/\/fechiteme.cl\/ns\/wp-content\/uploads\/2025\/01\/DSC_0905-Mejorado-NR-600x400.jpg 600w\" sizes=\"(max-width: 640px) 100vw, 640px\" \/><\/a>\n\t\t\t<\/div><\/figure><figure class='gallery-item'>\n\t\t\t<div class='gallery-icon landscape'>\n\t\t\t\t<a href='https:\/\/fechiteme.cl\/ns\/2025\/01\/29\/conoce-a-las-selecciones-nacionales-de-menores-2025\/dsc_0918-mejorado-nr\/'><img loading=\"lazy\" decoding=\"async\" width=\"640\" height=\"427\" src=\"https:\/\/fechiteme.cl\/ns\/wp-content\/uploads\/2025\/01\/DSC_0918-Mejorado-NR-1024x683.jpg\" class=\"attachment-large size-large\" alt=\"\" srcset=\"https:\/\/fechiteme.cl\/ns\/wp-content\/uploads\/2025\/01\/DSC_0918-Mejorado-NR-1024x683.jpg 1024w, https:\/\/fechiteme.cl\/ns\/wp-content\/uploads\/2025\/01\/DSC_0918-Mejorado-NR-300x200.jpg 300w, https:\/\/fechiteme.cl\/ns\/wp-content\/uploads\/2025\/01\/DSC_0918-Mejorado-NR-768x512.jpg 768w, https:\/\/fechiteme.cl\/ns\/wp-content\/uploads\/2025\/01\/DSC_0918-Mejorado-NR-1536x1024.jpg 1536w, https:\/\/fechiteme.cl\/ns\/wp-content\/uploads\/2025\/01\/DSC_0918-Mejorado-NR-2048x1365.jpg 2048w, https:\/\/fechiteme.cl\/ns\/wp-content\/uploads\/2025\/01\/DSC_0918-Mejorado-NR-600x400.jpg 600w\" sizes=\"(max-width: 640px) 100vw, 640px\" \/><\/a>\n\t\t\t<\/div><\/figure><figure class='gallery-item'>\n\t\t\t<div class='gallery-icon landscape'>\n\t\t\t\t<a href='https:\/\/fechiteme.cl\/ns\/2025\/01\/29\/conoce-a-las-selecciones-nacionales-de-menores-2025\/dsc_0931-mejorado-nr\/'><img loading=\"lazy\" decoding=\"async\" width=\"640\" height=\"427\" src=\"https:\/\/fechiteme.cl\/ns\/wp-content\/uploads\/2025\/01\/DSC_0931-Mejorado-NR-1024x683.jpg\" class=\"attachment-large size-large\" alt=\"\" srcset=\"https:\/\/fechiteme.cl\/ns\/wp-content\/uploads\/2025\/01\/DSC_0931-Mejorado-NR-1024x683.jpg 1024w, https:\/\/fechiteme.cl\/ns\/wp-content\/uploads\/2025\/01\/DSC_0931-Mejorado-NR-300x200.jpg 300w, https:\/\/fechiteme.cl\/ns\/wp-content\/uploads\/2025\/01\/DSC_0931-Mejorado-NR-768x512.jpg 768w, https:\/\/fechiteme.cl\/ns\/wp-content\/uploads\/2025\/01\/DSC_0931-Mejorado-NR-1536x1024.jpg 1536w, https:\/\/fechiteme.cl\/ns\/wp-content\/uploads\/2025\/01\/DSC_0931-Mejorado-NR-2048x1365.jpg 2048w, https:\/\/fechiteme.cl\/ns\/wp-content\/uploads\/2025\/01\/DSC_0931-Mejorado-NR-600x400.jpg 600w\" sizes=\"(max-width: 640px) 100vw, 640px\" \/><\/a>\n\t\t\t<\/div><\/figure><figure class='gallery-item'>\n\t\t\t<div class='gallery-icon landscape'>\n\t\t\t\t<a href='https:\/\/fechiteme.cl\/ns\/2025\/01\/29\/conoce-a-las-selecciones-nacionales-de-menores-2025\/dsc_0950-mejorado-nr\/'><img loading=\"lazy\" decoding=\"async\" width=\"640\" height=\"427\" src=\"https:\/\/fechiteme.cl\/ns\/wp-content\/uploads\/2025\/01\/DSC_0950-Mejorado-NR-1024x683.jpg\" class=\"attachment-large size-large\" alt=\"\" srcset=\"https:\/\/fechiteme.cl\/ns\/wp-content\/uploads\/2025\/01\/DSC_0950-Mejorado-NR-1024x683.jpg 1024w, https:\/\/fechiteme.cl\/ns\/wp-content\/uploads\/2025\/01\/DSC_0950-Mejorado-NR-300x200.jpg 300w, https:\/\/fechiteme.cl\/ns\/wp-content\/uploads\/2025\/01\/DSC_0950-Mejorado-NR-768x512.jpg 768w, https:\/\/fechiteme.cl\/ns\/wp-content\/uploads\/2025\/01\/DSC_0950-Mejorado-NR-1536x1024.jpg 1536w, https:\/\/fechiteme.cl\/ns\/wp-content\/uploads\/2025\/01\/DSC_0950-Mejorado-NR-2048x1365.jpg 2048w, https:\/\/fechiteme.cl\/ns\/wp-content\/uploads\/2025\/01\/DSC_0950-Mejorado-NR-600x400.jpg 600w\" sizes=\"(max-width: 640px) 100vw, 640px\" \/><\/a>\n\t\t\t<\/div><\/figure><figure class='gallery-item'>\n\t\t\t<div class='gallery-icon landscape'>\n\t\t\t\t<a href='https:\/\/fechiteme.cl\/ns\/2025\/01\/29\/conoce-a-las-selecciones-nacionales-de-menores-2025\/dsc_0967-mejorado-nr\/'><img loading=\"lazy\" decoding=\"async\" width=\"640\" height=\"427\" src=\"https:\/\/fechiteme.cl\/ns\/wp-content\/uploads\/2025\/01\/DSC_0967-Mejorado-NR-1024x683.jpg\" class=\"attachment-large size-large\" alt=\"\" srcset=\"https:\/\/fechiteme.cl\/ns\/wp-content\/uploads\/2025\/01\/DSC_0967-Mejorado-NR-1024x683.jpg 1024w, https:\/\/fechiteme.cl\/ns\/wp-content\/uploads\/2025\/01\/DSC_0967-Mejorado-NR-300x200.jpg 300w, https:\/\/fechiteme.cl\/ns\/wp-content\/uploads\/2025\/01\/DSC_0967-Mejorado-NR-768x512.jpg 768w, https:\/\/fechiteme.cl\/ns\/wp-content\/uploads\/2025\/01\/DSC_0967-Mejorado-NR-1536x1024.jpg 1536w, https:\/\/fechiteme.cl\/ns\/wp-content\/uploads\/2025\/01\/DSC_0967-Mejorado-NR-2048x1365.jpg 2048w, https:\/\/fechiteme.cl\/ns\/wp-content\/uploads\/2025\/01\/DSC_0967-Mejorado-NR-600x400.jpg 600w\" sizes=\"(max-width: 640px) 100vw, 640px\" \/><\/a>\n\t\t\t<\/div><\/figure>\n\t\t<\/div>\n<\/p>\t\t\t\t\t\t\t\t<\/div>\n\t\t\t\t<\/div>\n\t\t\t\t\t<\/div>\n\t\t\t\t<\/div>\n\t\t\t\t<\/div>\n\t\t","protected":false},"excerpt":{"rendered":"<p>\ud83d\udccdEl pasado 17, 18 y 19 de Enero en dependencias del Gimnasio Municipal Polideportivo de Quill\u00f3n se desarroll\u00f3 el Selectivo Nacional U11-U13-U15 que otorga los cupos (4 damas y 4 varones) para conformar la Selecci\u00f3n Nacional de cada categor\u00eda. \u2139\ufe0fLuego de 3 d\u00edas de competencia ya se determin\u00f3 a los pr\u00f3ximos representantes de nuestro pa\u00eds&#8230;<\/p>\n","protected":false},"author":3,"featured_media":2054,"comment_status":"closed","ping_status":"closed","sticky":false,"template":"","format":"standard","meta":{"footnotes":""},"categories":[1],"tags":[],"class_list":["post-2053","post","type-post","status-publish","format-standard","has-post-thumbnail","hentry","category-ligas-nacionales"],"_links":{"self":[{"href":"https:\/\/fechiteme.cl\/ns\/wp-json\/wp\/v2\/posts\/2053","targetHints":{"allow":["GET"]}}],"collection":[{"href":"https:\/\/fechiteme.cl\/ns\/wp-json\/wp\/v2\/posts"}],"about":[{"href":"https:\/\/fechiteme.cl\/ns\/wp-json\/wp\/v2\/types\/post"}],"author":[{"embeddable":true,"href":"https:\/\/fechiteme.cl\/ns\/wp-json\/wp\/v2\/users\/3"}],"replies":[{"embeddable":true,"href":"https:\/\/fechiteme.cl\/ns\/wp-json\/wp\/v2\/comments?post=2053"}],"version-history":[{"count":3,"href":"https:\/\/fechiteme.cl\/ns\/wp-json\/wp\/v2\/posts\/2053\/revisions"}],"predecessor-version":[{"id":2075,"href":"https:\/\/fechiteme.cl\/ns\/wp-json\/wp\/v2\/posts\/2053\/revisions\/2075"}],"wp:featuredmedia":[{"embeddable":true,"href":"https:\/\/fechiteme.cl\/ns\/wp-json\/wp\/v2\/media\/2054"}],"wp:attachment":[{"href":"https:\/\/fechiteme.cl\/ns\/wp-json\/wp\/v2\/media?parent=2053"}],"wp:term":[{"taxonomy":"category","embeddable":true,"href":"https:\/\/fechiteme.cl\/ns\/wp-json\/wp\/v2\/categories?post=2053"},{"taxonomy":"post_tag","embeddable":true,"href":"https:\/\/fechiteme.cl\/ns\/wp-json\/wp\/v2\/tags?post=2053"}],"curies":[{"name":"wp","href":"https:\/\/api.w.org\/{rel}","templated":true}]}}