{"id":2172,"date":"2025-02-20T22:08:12","date_gmt":"2025-02-20T22:08:12","guid":{"rendered":"https:\/\/fechiteme.cl\/ns\/?p=2172"},"modified":"2025-02-20T22:09:33","modified_gmt":"2025-02-20T22:09:33","slug":"es-presentado-el-nuevo-asistente-tecnico-paralimpico","status":"publish","type":"post","link":"https:\/\/fechiteme.cl\/ns\/2025\/02\/20\/es-presentado-el-nuevo-asistente-tecnico-paralimpico\/","title":{"rendered":"ES PRESENTADO EL NUEVO ASISTENTE T\u00c9CNICO PARAL\u00cdMPICO"},"content":{"rendered":"\t\t<div data-elementor-type=\"wp-post\" data-elementor-id=\"2172\" class=\"elementor elementor-2172\" data-elementor-post-type=\"post\">\n\t\t\t\t<div class=\"elementor-element elementor-element-5d0c3b3 e-flex e-con-boxed e-con e-parent\" data-id=\"5d0c3b3\" data-element_type=\"container\">\n\t\t\t\t\t<div class=\"e-con-inner\">\n\t\t\t\t<div class=\"elementor-element elementor-element-5455c4d elementor-widget elementor-widget-text-editor\" data-id=\"5455c4d\" data-element_type=\"widget\" data-widget_type=\"text-editor.default\">\n\t\t\t\t<div class=\"elementor-widget-container\">\n\t\t\t\t\t\t\t\t\t<p>La Federaci\u00f3n Chilena de Tenis de Mesa le da una c\u00e1lida bienvenida a Tom\u00e1s Rib\u00e9 Pich\u00fan, quien a partir de ahora se sumar\u00e1 como Asistente T\u00e9cnico Paral\u00edmpico de la Unidad T\u00e9cnica Paral\u00edmpica. \ud83d\ude4c<br \/><br \/>Este es un nuevo desaf\u00edo lleno de oportunidades, y confiamos plenamente que, con su apoyo y compromiso, nuestros atletas paral\u00edmpicos seguir\u00e1n creciendo y alcanzando nuevos logros. \ud83d\udcaa<br \/><br \/>Estamos emocionados por este nuevo proceso y sabemos que, juntos, seguiremos impulsando el tenis de mesa hacia grandes metas. \u00a1Bienvenido Tom\u00e1s y mucho \u00e9xito en este proceso! \ud83c\udf1f<\/p>\t\t\t\t\t\t\t\t<\/div>\n\t\t\t\t<\/div>\n\t\t\t\t\t<\/div>\n\t\t\t\t<\/div>\n\t\t\t\t<\/div>\n\t\t","protected":false},"excerpt":{"rendered":"<p>La Federaci\u00f3n Chilena de Tenis de Mesa le da una c\u00e1lida bienvenida a Tom\u00e1s Rib\u00e9 Pich\u00fan, quien a partir de ahora se sumar\u00e1 como Asistente T\u00e9cnico Paral\u00edmpico de la Unidad T\u00e9cnica Paral\u00edmpica. \ud83d\ude4c Este es un nuevo desaf\u00edo lleno de oportunidades, y confiamos plenamente que, con su apoyo y compromiso, nuestros atletas paral\u00edmpicos seguir\u00e1n creciendo&#8230;<\/p>\n","protected":false},"author":3,"featured_media":2173,"comment_status":"closed","ping_status":"closed","sticky":false,"template":"","format":"standard","meta":{"footnotes":""},"categories":[2,32],"tags":[],"class_list":["post-2172","post","type-post","status-publish","format-standard","has-post-thumbnail","hentry","category-noticias","category-para-tenis-de-mesa"],"_links":{"self":[{"href":"https:\/\/fechiteme.cl\/ns\/wp-json\/wp\/v2\/posts\/2172","targetHints":{"allow":["GET"]}}],"collection":[{"href":"https:\/\/fechiteme.cl\/ns\/wp-json\/wp\/v2\/posts"}],"about":[{"href":"https:\/\/fechiteme.cl\/ns\/wp-json\/wp\/v2\/types\/post"}],"author":[{"embeddable":true,"href":"https:\/\/fechiteme.cl\/ns\/wp-json\/wp\/v2\/users\/3"}],"replies":[{"embeddable":true,"href":"https:\/\/fechiteme.cl\/ns\/wp-json\/wp\/v2\/comments?post=2172"}],"version-history":[{"count":3,"href":"https:\/\/fechiteme.cl\/ns\/wp-json\/wp\/v2\/posts\/2172\/revisions"}],"predecessor-version":[{"id":2176,"href":"https:\/\/fechiteme.cl\/ns\/wp-json\/wp\/v2\/posts\/2172\/revisions\/2176"}],"wp:featuredmedia":[{"embeddable":true,"href":"https:\/\/fechiteme.cl\/ns\/wp-json\/wp\/v2\/media\/2173"}],"wp:attachment":[{"href":"https:\/\/fechiteme.cl\/ns\/wp-json\/wp\/v2\/media?parent=2172"}],"wp:term":[{"taxonomy":"category","embeddable":true,"href":"https:\/\/fechiteme.cl\/ns\/wp-json\/wp\/v2\/categories?post=2172"},{"taxonomy":"post_tag","embeddable":true,"href":"https:\/\/fechiteme.cl\/ns\/wp-json\/wp\/v2\/tags?post=2172"}],"curies":[{"name":"wp","href":"https:\/\/api.w.org\/{rel}","templated":true}]}}