{"id":2926,"date":"2025-06-27T00:14:01","date_gmt":"2025-06-27T00:14:01","guid":{"rendered":"https:\/\/fechiteme.cl\/ns\/?p=2926"},"modified":"2025-06-27T00:15:41","modified_gmt":"2025-06-27T00:15:41","slug":"plata-para-gustavo-gomez","status":"publish","type":"post","link":"https:\/\/fechiteme.cl\/ns\/2025\/06\/27\/plata-para-gustavo-gomez\/","title":{"rendered":"\u00a1PLATA PARA GUSTAVO G\u00d3MEZ!"},"content":{"rendered":"\t\t<div data-elementor-type=\"wp-post\" data-elementor-id=\"2926\" class=\"elementor elementor-2926\" data-elementor-post-type=\"post\">\n\t\t\t\t<div class=\"elementor-element elementor-element-5b9ffb8 e-flex e-con-boxed e-con e-parent\" data-id=\"5b9ffb8\" data-element_type=\"container\">\n\t\t\t\t\t<div class=\"e-con-inner\">\n\t\t\t\t<div class=\"elementor-element elementor-element-2d6161f elementor-widget elementor-widget-text-editor\" data-id=\"2d6161f\" data-element_type=\"widget\" data-widget_type=\"text-editor.default\">\n\t\t\t\t<div class=\"elementor-widget-container\">\n\t\t\t\t\t\t\t\t\t<p>\u00a0<strong><em>\u00a1PLATA PARA GUSTAVO G\u00d3MEZ!<\/em><\/strong><\/p><p><strong>Santiago, 26 de junio de 2025<\/strong>.\u00a0 Gustavo G\u00f3mez se qued\u00f3 con la medalla de plata en la prueba de singles varones del Campeonato Sudamericano Adulto que se desarrolla en Lima, Per\u00fa. En una exigente final, fue superado por el brasile\u00f1o Teodoro, cerrando una destacada participaci\u00f3n en hasta el momento sudamericano.<\/p><p><br \/>\u00a1Felicitaciones Gustavo por tus grandes resultados en este evento<strong><em>!<\/em><\/strong><\/p><p><strong>Ver resultados en detalle<\/strong> <br \/><a href=\"https:\/\/results.ittf.com\/ittf-web-results\/html\/TTE3155\/results.html#\/knock-outs\">https:\/\/results.ittf.com\/ittf-web-results\/html\/TTE3155\/results.html#\/knock-outs<\/a><\/p><p><strong>Delegaci\u00f3n <\/strong><br \/>Damas: Daniela Ortega, Paulina Vega, Tania Zheng y Valentina R\u00edos<br \/>Varones: Gustavo G\u00f3mez, Alfonso Olave, Felipe Olivares y Eusebio Vos\u00a0 <br \/>T\u00e9cnicos: Francisco Seijas \u2013 Jos\u00e9 Luis Urrutia.<\/p><p><strong>Ver p\u00e1gina web del evento<\/strong> <br \/><a href=\"https:\/\/www.ittf.com\/tournament\/3155\/SouthAmerica2025\/\">https:\/\/www.ittf.com\/tournament\/3155\/SouthAmerica2025\/<\/a><\/p><p><strong>Programaci\u00f3n evento:<\/strong> <br \/><a href=\"https:\/\/www.ittf.com\/wp-content\/uploads\/2025\/04\/2025_South-American_Champs_schedule_new.pdf\">https:\/\/www.ittf.com\/wp-content\/uploads\/2025\/04\/2025_South-American_Champs_schedule_new.pdf<\/a><\/p><p><strong>Fotograf\u00edas del evento<\/strong><\/p><p><a href=\"https:\/\/www.flickr.com\/photos\/192694133@N05\/\">https:\/\/www.flickr.com\/photos\/192694133@N05\/<\/a><\/p><p><br \/>\u00a1Vamos por m\u00e1s!<br \/>\u00a0Juntos, podemos lograr grandes cosas. #TenisDeMesa #Federaci\u00f3nChilenaDeTenisDeMesa#Fechiteme<\/p>\t\t\t\t\t\t\t\t<\/div>\n\t\t\t\t<\/div>\n\t\t\t\t\t<\/div>\n\t\t\t\t<\/div>\n\t\t<div class=\"elementor-element elementor-element-3ccdb33 e-flex e-con-boxed e-con e-parent\" data-id=\"3ccdb33\" data-element_type=\"container\">\n\t\t\t\t\t<div class=\"e-con-inner\">\n\t\t\t\t<div class=\"elementor-element elementor-element-806fbb3 elementor-widget elementor-widget-image\" data-id=\"806fbb3\" data-element_type=\"widget\" data-widget_type=\"image.default\">\n\t\t\t\t<div class=\"elementor-widget-container\">\n\t\t\t\t\t\t\t\t\t\t\t\t\t\t\t<img fetchpriority=\"high\" decoding=\"async\" width=\"640\" height=\"800\" src=\"https:\/\/fechiteme.cl\/ns\/wp-content\/uploads\/2025\/06\/1-5-819x1024.png\" class=\"attachment-large size-large wp-image-2927\" alt=\"\" srcset=\"https:\/\/fechiteme.cl\/ns\/wp-content\/uploads\/2025\/06\/1-5-819x1024.png 819w, https:\/\/fechiteme.cl\/ns\/wp-content\/uploads\/2025\/06\/1-5-240x300.png 240w, https:\/\/fechiteme.cl\/ns\/wp-content\/uploads\/2025\/06\/1-5-768x960.png 768w, https:\/\/fechiteme.cl\/ns\/wp-content\/uploads\/2025\/06\/1-5.png 1080w\" sizes=\"(max-width: 640px) 100vw, 640px\" \/>\t\t\t\t\t\t\t\t\t\t\t\t\t\t\t<\/div>\n\t\t\t\t<\/div>\n\t\t\t\t\t<\/div>\n\t\t\t\t<\/div>\n\t\t<div class=\"elementor-element elementor-element-0a3a975 e-flex e-con-boxed e-con e-parent\" data-id=\"0a3a975\" data-element_type=\"container\">\n\t\t\t\t\t<div class=\"e-con-inner\">\n\t\t\t\t<div class=\"elementor-element elementor-element-f619e22 elementor-widget elementor-widget-image\" data-id=\"f619e22\" data-element_type=\"widget\" data-widget_type=\"image.default\">\n\t\t\t\t<div class=\"elementor-widget-container\">\n\t\t\t\t\t\t\t\t\t\t\t\t\t\t\t<img decoding=\"async\" width=\"640\" height=\"800\" src=\"https:\/\/fechiteme.cl\/ns\/wp-content\/uploads\/2025\/06\/2-6-819x1024.png\" class=\"attachment-large size-large wp-image-2928\" alt=\"\" srcset=\"https:\/\/fechiteme.cl\/ns\/wp-content\/uploads\/2025\/06\/2-6-819x1024.png 819w, https:\/\/fechiteme.cl\/ns\/wp-content\/uploads\/2025\/06\/2-6-240x300.png 240w, https:\/\/fechiteme.cl\/ns\/wp-content\/uploads\/2025\/06\/2-6-768x960.png 768w, https:\/\/fechiteme.cl\/ns\/wp-content\/uploads\/2025\/06\/2-6.png 1080w\" sizes=\"(max-width: 640px) 100vw, 640px\" \/>\t\t\t\t\t\t\t\t\t\t\t\t\t\t\t<\/div>\n\t\t\t\t<\/div>\n\t\t\t\t\t<\/div>\n\t\t\t\t<\/div>\n\t\t\t\t<\/div>\n\t\t","protected":false},"excerpt":{"rendered":"<p>\u00a0\u00a1PLATA PARA GUSTAVO G\u00d3MEZ! Santiago, 26 de junio de 2025.\u00a0 Gustavo G\u00f3mez se qued\u00f3 con la medalla de plata en la prueba de singles varones del Campeonato Sudamericano Adulto que se desarrolla en Lima, Per\u00fa. En una exigente final, fue superado por el brasile\u00f1o Teodoro, cerrando una destacada participaci\u00f3n en hasta el momento sudamericano. \u00a1Felicitaciones&#8230;<\/p>\n","protected":false},"author":1,"featured_media":2928,"comment_status":"closed","ping_status":"closed","sticky":false,"template":"","format":"standard","meta":{"footnotes":""},"categories":[2],"tags":[],"class_list":["post-2926","post","type-post","status-publish","format-standard","has-post-thumbnail","hentry","category-noticias"],"_links":{"self":[{"href":"https:\/\/fechiteme.cl\/ns\/wp-json\/wp\/v2\/posts\/2926","targetHints":{"allow":["GET"]}}],"collection":[{"href":"https:\/\/fechiteme.cl\/ns\/wp-json\/wp\/v2\/posts"}],"about":[{"href":"https:\/\/fechiteme.cl\/ns\/wp-json\/wp\/v2\/types\/post"}],"author":[{"embeddable":true,"href":"https:\/\/fechiteme.cl\/ns\/wp-json\/wp\/v2\/users\/1"}],"replies":[{"embeddable":true,"href":"https:\/\/fechiteme.cl\/ns\/wp-json\/wp\/v2\/comments?post=2926"}],"version-history":[{"count":3,"href":"https:\/\/fechiteme.cl\/ns\/wp-json\/wp\/v2\/posts\/2926\/revisions"}],"predecessor-version":[{"id":2931,"href":"https:\/\/fechiteme.cl\/ns\/wp-json\/wp\/v2\/posts\/2926\/revisions\/2931"}],"wp:featuredmedia":[{"embeddable":true,"href":"https:\/\/fechiteme.cl\/ns\/wp-json\/wp\/v2\/media\/2928"}],"wp:attachment":[{"href":"https:\/\/fechiteme.cl\/ns\/wp-json\/wp\/v2\/media?parent=2926"}],"wp:term":[{"taxonomy":"category","embeddable":true,"href":"https:\/\/fechiteme.cl\/ns\/wp-json\/wp\/v2\/categories?post=2926"},{"taxonomy":"post_tag","embeddable":true,"href":"https:\/\/fechiteme.cl\/ns\/wp-json\/wp\/v2\/tags?post=2926"}],"curies":[{"name":"wp","href":"https:\/\/api.w.org\/{rel}","templated":true}]}}