{"id":2992,"date":"2025-07-02T00:36:33","date_gmt":"2025-07-02T00:36:33","guid":{"rendered":"https:\/\/fechiteme.cl\/ns\/?p=2992"},"modified":"2025-10-16T23:21:38","modified_gmt":"2025-10-16T23:21:38","slug":"campamento-de-u19-en-antofagasta","status":"publish","type":"post","link":"https:\/\/fechiteme.cl\/ns\/2025\/07\/02\/campamento-de-u19-en-antofagasta\/","title":{"rendered":"\u00a1CAMPAMENTO DE U19 EN ANTOFAGASTA!"},"content":{"rendered":"\t\t<div data-elementor-type=\"wp-post\" data-elementor-id=\"2992\" class=\"elementor elementor-2992\" data-elementor-post-type=\"post\">\n\t\t\t\t<div class=\"elementor-element elementor-element-6b85281 e-flex e-con-boxed e-con e-parent\" data-id=\"6b85281\" data-element_type=\"container\">\n\t\t\t\t\t<div class=\"e-con-inner\">\n\t\t\t\t<div class=\"elementor-element elementor-element-983b6c8 elementor-widget elementor-widget-text-editor\" data-id=\"983b6c8\" data-element_type=\"widget\" data-widget_type=\"text-editor.default\">\n\t\t\t\t<div class=\"elementor-widget-container\">\n\t\t\t\t\t\t\t\t\t<p><strong>\u00a1CAMPAMENTO DE U19 EN ANTOFAGASTA!<br \/><\/strong><br \/><strong>Santiago, 01 de julio de 2025.<\/strong>\u00a0 Los d\u00edas <strong>10, 11 y 12 de julio<\/strong>, en la ciudad de <strong>Antofagasta<\/strong>, se realizar\u00e1 el <strong>Campamento de Entrenamiento U19<\/strong>, organizado por la <strong>Unidad T\u00e9cnica Nacional (UTN)<\/strong> en conjunto con la <strong>Asociaci\u00f3n Local de Tenis de Mesa de Antofagasta<\/strong>, bajo la direcci\u00f3n del t\u00e9cnico nacional <strong>Marcos N\u00fa\u00f1ez<\/strong>.<\/p><blockquote><p>En palabras de la Presidenta: \u201c<em>Estamos muy contentos de poder concretar finalmente una idea que naci\u00f3 hace algunos meses, relacionada con la necesidad de realizar un campamento en la Regi\u00f3n de Antofagasta, en conjunto con la Asociaci\u00f3n Local. Ellos han sido un pilar fundamental para llevar a cabo este tipo de iniciativas. Estamos seguros de que j\u00f3venes talentos de la regi\u00f3n podr\u00e1n iniciar un valioso proceso de aprendizaje de la mano de la Unidad T\u00e9cnica Nacional (UTN).\u201d<\/em><\/p><\/blockquote><p>Ser\u00e1n <strong>tres d\u00edas de entrenamiento intensivo y transferencia de conocimientos<\/strong>, guiados por la UTN y los entrenadores de la Asociaci\u00f3n de Antofagasta, en una iniciativa que busca <strong>potenciar el desarrollo de talentos regionales<\/strong> y fortalecer la articulaci\u00f3n entre los niveles formativos y t\u00e9cnicos del tenis de mesa nacional.<\/p><p><strong>\u00a0<\/strong><strong>\u00a1Vamos por m\u00e1s!<\/strong><br \/>\u00a0Juntos, podemos lograr grandes cosas. #TenisDeMesa #Federaci\u00f3nChilenaDeTenisDeMesa#Fechiteme<\/p>\t\t\t\t\t\t\t\t<\/div>\n\t\t\t\t<\/div>\n\t\t\t\t\t<\/div>\n\t\t\t\t<\/div>\n\t\t<div class=\"elementor-element elementor-element-4beea66 e-flex e-con-boxed e-con e-parent\" data-id=\"4beea66\" data-element_type=\"container\">\n\t\t\t\t\t<div class=\"e-con-inner\">\n\t\t\t\t<div class=\"elementor-element elementor-element-f522cf6 elementor-widget elementor-widget-image\" data-id=\"f522cf6\" data-element_type=\"widget\" data-widget_type=\"image.default\">\n\t\t\t\t<div class=\"elementor-widget-container\">\n\t\t\t\t\t\t\t\t\t\t\t\t\t\t\t<img fetchpriority=\"high\" decoding=\"async\" width=\"640\" height=\"800\" src=\"https:\/\/fechiteme.cl\/ns\/wp-content\/uploads\/2025\/07\/Campamento_Antofagasta-819x1024.png\" class=\"attachment-large size-large wp-image-2993\" alt=\"\" srcset=\"https:\/\/fechiteme.cl\/ns\/wp-content\/uploads\/2025\/07\/Campamento_Antofagasta-819x1024.png 819w, https:\/\/fechiteme.cl\/ns\/wp-content\/uploads\/2025\/07\/Campamento_Antofagasta-240x300.png 240w, https:\/\/fechiteme.cl\/ns\/wp-content\/uploads\/2025\/07\/Campamento_Antofagasta-768x960.png 768w, https:\/\/fechiteme.cl\/ns\/wp-content\/uploads\/2025\/07\/Campamento_Antofagasta.png 1080w\" sizes=\"(max-width: 640px) 100vw, 640px\" \/>\t\t\t\t\t\t\t\t\t\t\t\t\t\t\t<\/div>\n\t\t\t\t<\/div>\n\t\t\t\t\t<\/div>\n\t\t\t\t<\/div>\n\t\t\t\t<\/div>\n\t\t","protected":false},"excerpt":{"rendered":"<p>\u00a1CAMPAMENTO DE U19 EN ANTOFAGASTA! Santiago, 01 de julio de 2025.\u00a0 Los d\u00edas 10, 11 y 12 de julio, en la ciudad de Antofagasta, se realizar\u00e1 el Campamento de Entrenamiento U19, organizado por la Unidad T\u00e9cnica Nacional (UTN) en conjunto con la Asociaci\u00f3n Local de Tenis de Mesa de Antofagasta, bajo la direcci\u00f3n del t\u00e9cnico&#8230;<\/p>\n","protected":false},"author":1,"featured_media":2997,"comment_status":"closed","ping_status":"closed","sticky":false,"template":"","format":"standard","meta":{"footnotes":""},"categories":[44],"tags":[],"class_list":["post-2992","post","type-post","status-publish","format-standard","has-post-thumbnail","hentry","category-campamentos-fechiteme"],"_links":{"self":[{"href":"https:\/\/fechiteme.cl\/ns\/wp-json\/wp\/v2\/posts\/2992","targetHints":{"allow":["GET"]}}],"collection":[{"href":"https:\/\/fechiteme.cl\/ns\/wp-json\/wp\/v2\/posts"}],"about":[{"href":"https:\/\/fechiteme.cl\/ns\/wp-json\/wp\/v2\/types\/post"}],"author":[{"embeddable":true,"href":"https:\/\/fechiteme.cl\/ns\/wp-json\/wp\/v2\/users\/1"}],"replies":[{"embeddable":true,"href":"https:\/\/fechiteme.cl\/ns\/wp-json\/wp\/v2\/comments?post=2992"}],"version-history":[{"count":7,"href":"https:\/\/fechiteme.cl\/ns\/wp-json\/wp\/v2\/posts\/2992\/revisions"}],"predecessor-version":[{"id":4033,"href":"https:\/\/fechiteme.cl\/ns\/wp-json\/wp\/v2\/posts\/2992\/revisions\/4033"}],"wp:featuredmedia":[{"embeddable":true,"href":"https:\/\/fechiteme.cl\/ns\/wp-json\/wp\/v2\/media\/2997"}],"wp:attachment":[{"href":"https:\/\/fechiteme.cl\/ns\/wp-json\/wp\/v2\/media?parent=2992"}],"wp:term":[{"taxonomy":"category","embeddable":true,"href":"https:\/\/fechiteme.cl\/ns\/wp-json\/wp\/v2\/categories?post=2992"},{"taxonomy":"post_tag","embeddable":true,"href":"https:\/\/fechiteme.cl\/ns\/wp-json\/wp\/v2\/tags?post=2992"}],"curies":[{"name":"wp","href":"https:\/\/api.w.org\/{rel}","templated":true}]}}