{"id":3034,"date":"2025-07-14T21:21:45","date_gmt":"2025-07-14T21:21:45","guid":{"rendered":"https:\/\/fechiteme.cl\/ns\/?p=3034"},"modified":"2025-07-14T21:25:29","modified_gmt":"2025-07-14T21:25:29","slug":"curso-fechiteme-y-ittf-2-en-el-ceo","status":"publish","type":"post","link":"https:\/\/fechiteme.cl\/ns\/2025\/07\/14\/curso-fechiteme-y-ittf-2-en-el-ceo\/","title":{"rendered":"\u00a1CURSO FECHITEME Y ITTF 2 EN EL CEO !"},"content":{"rendered":"\t\t<div data-elementor-type=\"wp-post\" data-elementor-id=\"3034\" class=\"elementor elementor-3034\" data-elementor-post-type=\"post\">\n\t\t\t\t<div class=\"elementor-element elementor-element-e5b8d87 e-flex e-con-boxed e-con e-parent\" data-id=\"e5b8d87\" data-element_type=\"container\">\n\t\t\t\t\t<div class=\"e-con-inner\">\n\t\t\t\t<div class=\"elementor-element elementor-element-e55c828 elementor-widget elementor-widget-text-editor\" data-id=\"e55c828\" data-element_type=\"widget\" data-widget_type=\"text-editor.default\">\n\t\t\t\t<div class=\"elementor-widget-container\">\n\t\t\t\t\t\t\t\t\t<p><strong>\u00a1CURSO FECHITEME I Y ITTF 2 EN EL CEO !<br \/><\/strong><br \/><strong>Santiago, 14 de julio de 2025.<\/strong>\u00a0 Pronto a vencer estar\u00e1n las inscripciones al curso Fechiteme I \u00a0y ITTF 2 que ser\u00e1n realizado en Santiago de Chile.<\/p><p><strong>Curso Fechiteme I \u2013 Para Tenis de Mesa<\/strong><br \/>Este curso se realizar\u00e1 los d\u00edas 25, 26 y 27 de julio de 2025 en el Centro de Entrenamiento Ol\u00edmpico (CEO). Las inscripciones han sido ampliadas hasta el domingo 20 de julio de 2025 y deben enviarse al correo: educacion@fechiteme.cl.<br \/>Cabe destacar, que este ser\u00e1 el primer curso Fechiteme especializado en Para Tenis de Mesa, liderado por la Unidad T\u00e9cnica Nacional de Para Tenis de Mesa.<\/p><p>Link <a href=\"https:\/\/fechiteme.cl\/ns\/wp-content\/uploads\/2025\/07\/CONVOCATORIA_CURSO_FECHITEME_I_25_27_JULIO_2025.pdf\">Convocatoria Fechiteme I<\/a><\/p><p>Link \u00a0<a href=\"https:\/\/fechiteme.cl\/ns\/wp-content\/uploads\/2025\/07\/FORMULARIO_INSCRIPCION_CAPACITACION_2025.xls\">formulario de inscripci\u00f3n (xls)<\/a><\/p><p><strong>Curso ITTF II \u2013 Certificaci\u00f3n Internacional<\/strong><br \/>Este curso se llevar\u00e1 a cabo entre los d\u00edas 5 y 11 de agosto de 2025 en el Centro de Entrenamiento Ol\u00edmpico (CEO).<br \/>Las inscripciones estar\u00e1n abiertas hasta el lunes 28 de julio de 2025, a trav\u00e9s del correo: <a href=\"mailto:educacion@fechiteme.cl\">educacion@fechiteme.cl<\/a>.<\/p><p>Link <a href=\"https:\/\/fechiteme.cl\/ns\/wp-content\/uploads\/2025\/06\/CONVOCATORIA_CURSO_ITTF_II_05_11_agosto.pdf\">Convocatoria ITTF II.<\/a><\/p><p>Link <a href=\"https:\/\/fechiteme.cl\/ns\/wp-content\/uploads\/2025\/07\/FORMULARIO_INSCRIPCION_CAPACITACION_2025-1.xls\">formulario de inscripci\u00f3n (xls)<\/a> \u00a0<\/p><p><strong>\u00a1Vamos por m\u00e1s!<\/strong><br \/>\u00a0Juntos, podemos lograr grandes cosas. #TenisDeMesa #Federaci\u00f3nChilenaDeTenisDeMesa#Fechiteme<\/p>\t\t\t\t\t\t\t\t<\/div>\n\t\t\t\t<\/div>\n\t\t\t\t\t<\/div>\n\t\t\t\t<\/div>\n\t\t\t\t<\/div>\n\t\t","protected":false},"excerpt":{"rendered":"<p>\u00a1CURSO FECHITEME I Y ITTF 2 EN EL CEO !Santiago, 14 de julio de 2025.\u00a0 Pronto a vencer estar\u00e1n las inscripciones al curso Fechiteme I \u00a0y ITTF 2 que ser\u00e1n realizado en Santiago de Chile. Curso Fechiteme I \u2013 Para Tenis de MesaEste curso se realizar\u00e1 los d\u00edas 25, 26 y 27 de julio de&#8230;<\/p>\n","protected":false},"author":1,"featured_media":2598,"comment_status":"closed","ping_status":"closed","sticky":false,"template":"","format":"standard","meta":{"footnotes":""},"categories":[35,2],"tags":[],"class_list":["post-3034","post","type-post","status-publish","format-standard","has-post-thumbnail","hentry","category-capacitacion-educacion","category-noticias"],"_links":{"self":[{"href":"https:\/\/fechiteme.cl\/ns\/wp-json\/wp\/v2\/posts\/3034","targetHints":{"allow":["GET"]}}],"collection":[{"href":"https:\/\/fechiteme.cl\/ns\/wp-json\/wp\/v2\/posts"}],"about":[{"href":"https:\/\/fechiteme.cl\/ns\/wp-json\/wp\/v2\/types\/post"}],"author":[{"embeddable":true,"href":"https:\/\/fechiteme.cl\/ns\/wp-json\/wp\/v2\/users\/1"}],"replies":[{"embeddable":true,"href":"https:\/\/fechiteme.cl\/ns\/wp-json\/wp\/v2\/comments?post=3034"}],"version-history":[{"count":6,"href":"https:\/\/fechiteme.cl\/ns\/wp-json\/wp\/v2\/posts\/3034\/revisions"}],"predecessor-version":[{"id":3043,"href":"https:\/\/fechiteme.cl\/ns\/wp-json\/wp\/v2\/posts\/3034\/revisions\/3043"}],"wp:featuredmedia":[{"embeddable":true,"href":"https:\/\/fechiteme.cl\/ns\/wp-json\/wp\/v2\/media\/2598"}],"wp:attachment":[{"href":"https:\/\/fechiteme.cl\/ns\/wp-json\/wp\/v2\/media?parent=3034"}],"wp:term":[{"taxonomy":"category","embeddable":true,"href":"https:\/\/fechiteme.cl\/ns\/wp-json\/wp\/v2\/categories?post=3034"},{"taxonomy":"post_tag","embeddable":true,"href":"https:\/\/fechiteme.cl\/ns\/wp-json\/wp\/v2\/tags?post=3034"}],"curies":[{"name":"wp","href":"https:\/\/api.w.org\/{rel}","templated":true}]}}