{"id":3094,"date":"2025-07-26T03:17:55","date_gmt":"2025-07-26T03:17:55","guid":{"rendered":"https:\/\/fechiteme.cl\/ns\/?p=3094"},"modified":"2025-07-26T03:19:35","modified_gmt":"2025-07-26T03:19:35","slug":"comienza-curso-fechiteme-i-para-tenis-de-mesa-en-el-ceo","status":"publish","type":"post","link":"https:\/\/fechiteme.cl\/ns\/2025\/07\/26\/comienza-curso-fechiteme-i-para-tenis-de-mesa-en-el-ceo\/","title":{"rendered":"\u00a1 COMIENZA CURSO FECHITEME I \u2013 PARA TENIS DE MESA EN EL CEO!"},"content":{"rendered":"\t\t<div data-elementor-type=\"wp-post\" data-elementor-id=\"3094\" class=\"elementor elementor-3094\" data-elementor-post-type=\"post\">\n\t\t\t\t<div class=\"elementor-element elementor-element-18600fa e-flex e-con-boxed e-con e-parent\" data-id=\"18600fa\" data-element_type=\"container\">\n\t\t\t\t\t<div class=\"e-con-inner\">\n\t\t\t\t<div class=\"elementor-element elementor-element-1ce3103 elementor-widget elementor-widget-text-editor\" data-id=\"1ce3103\" data-element_type=\"widget\" data-widget_type=\"text-editor.default\">\n\t\t\t\t<div class=\"elementor-widget-container\">\n\t\t\t\t\t\t\t\t\t<p><strong>Santiago, 25 de julio de 2025.<\/strong>\u00a0 Este viernes se dio inicio en el Centro de Entrenamiento Ol\u00edmpico (CEO) al <strong>Curso FECHITEME I \u2013 Para Tenis de Mesa<\/strong>, liderado por el Head Coach <strong>Francisco Carrasco<\/strong> y la <strong>Unidad T\u00e9cnica Nacional de Fechiteme (PTT)<\/strong>.<\/p><p>Con la participaci\u00f3n de m\u00e1s de <strong>29 alumnos provenientes de distintas regiones del pa\u00eds<\/strong>, se dio el inicio \u00a0a este importante proceso formativo enfocado en el desarrollo del Para Tenis de Mesa. La jornada inaugural cont\u00f3 con la destacada visita del equipo de la <strong>Secretar\u00eda Paral\u00edmpica<\/strong>, encabezado por <strong>Robinson M\u00e9ndez<\/strong>, lo que otorg\u00f3 un marco de relevancia institucional al evento.<\/p><p>En palabras del Head Coach Francisco Carrasco:<\/p><blockquote><p>\u201cEs muy importante para el Tenis de Mesa Paral\u00edmpico comenzar este proceso de trabajo en educaci\u00f3n, a partir de un programa <strong>FECHITEME 100% paral\u00edmpico<\/strong>. Adem\u00e1s, la presencia del equipo del <strong>Plan Paral\u00edmpico<\/strong> realza las actividades de capacitaci\u00f3n que Fechiteme est\u00e1 desarrollando.\u201d<\/p><\/blockquote><p>Las jornadas del <strong>viernes, s\u00e1bado y domingo<\/strong> estar\u00e1n marcadas por un intenso programa de formaci\u00f3n y pr\u00e1ctica en el CEO, consolidando as\u00ed una nueva etapa en la profesionalizaci\u00f3n del Para Tenis de Mesa a nivel nacional.<\/p><p>\u00a0<strong>\u00a1Vamos por m\u00e1s!<\/strong><br \/>\u00a0Juntos, podemos lograr grandes cosas. #TenisDeMesa #Federaci\u00f3nChilenaDeTenisDeMesa#Fechiteme<\/p>\t\t\t\t\t\t\t\t<\/div>\n\t\t\t\t<\/div>\n\t\t\t\t\t<\/div>\n\t\t\t\t<\/div>\n\t\t<div class=\"elementor-element elementor-element-4dadc4a e-flex e-con-boxed e-con e-parent\" data-id=\"4dadc4a\" data-element_type=\"container\">\n\t\t\t\t\t<div class=\"e-con-inner\">\n\t\t\t\t<div class=\"elementor-element elementor-element-3a4effe elementor-widget elementor-widget-image\" data-id=\"3a4effe\" data-element_type=\"widget\" data-widget_type=\"image.default\">\n\t\t\t\t<div class=\"elementor-widget-container\">\n\t\t\t\t\t\t\t\t\t\t\t\t\t\t\t<img fetchpriority=\"high\" decoding=\"async\" width=\"640\" height=\"853\" src=\"https:\/\/fechiteme.cl\/ns\/wp-content\/uploads\/2025\/07\/Curso_Fechiteme1_CEO-768x1024.jpg\" class=\"attachment-large size-large wp-image-3095\" alt=\"\" srcset=\"https:\/\/fechiteme.cl\/ns\/wp-content\/uploads\/2025\/07\/Curso_Fechiteme1_CEO-768x1024.jpg 768w, https:\/\/fechiteme.cl\/ns\/wp-content\/uploads\/2025\/07\/Curso_Fechiteme1_CEO-225x300.jpg 225w, https:\/\/fechiteme.cl\/ns\/wp-content\/uploads\/2025\/07\/Curso_Fechiteme1_CEO-1152x1536.jpg 1152w, https:\/\/fechiteme.cl\/ns\/wp-content\/uploads\/2025\/07\/Curso_Fechiteme1_CEO.jpg 1200w\" sizes=\"(max-width: 640px) 100vw, 640px\" \/>\t\t\t\t\t\t\t\t\t\t\t\t\t\t\t<\/div>\n\t\t\t\t<\/div>\n\t\t\t\t\t<\/div>\n\t\t\t\t<\/div>\n\t\t<div class=\"elementor-element elementor-element-86f013e e-flex e-con-boxed e-con e-parent\" data-id=\"86f013e\" data-element_type=\"container\">\n\t\t\t\t\t<div class=\"e-con-inner\">\n\t\t\t\t<div class=\"elementor-element elementor-element-68c12a8 elementor-widget elementor-widget-image\" data-id=\"68c12a8\" data-element_type=\"widget\" data-widget_type=\"image.default\">\n\t\t\t\t<div class=\"elementor-widget-container\">\n\t\t\t\t\t\t\t\t\t\t\t\t\t\t\t<img decoding=\"async\" width=\"640\" height=\"480\" src=\"https:\/\/fechiteme.cl\/ns\/wp-content\/uploads\/2025\/07\/Curso_Fechiteme1_CEO_2-1024x768.jpg\" class=\"attachment-large size-large wp-image-3096\" alt=\"\" srcset=\"https:\/\/fechiteme.cl\/ns\/wp-content\/uploads\/2025\/07\/Curso_Fechiteme1_CEO_2-1024x768.jpg 1024w, https:\/\/fechiteme.cl\/ns\/wp-content\/uploads\/2025\/07\/Curso_Fechiteme1_CEO_2-300x225.jpg 300w, https:\/\/fechiteme.cl\/ns\/wp-content\/uploads\/2025\/07\/Curso_Fechiteme1_CEO_2-768x576.jpg 768w, https:\/\/fechiteme.cl\/ns\/wp-content\/uploads\/2025\/07\/Curso_Fechiteme1_CEO_2-1536x1152.jpg 1536w, https:\/\/fechiteme.cl\/ns\/wp-content\/uploads\/2025\/07\/Curso_Fechiteme1_CEO_2.jpg 1600w\" sizes=\"(max-width: 640px) 100vw, 640px\" \/>\t\t\t\t\t\t\t\t\t\t\t\t\t\t\t<\/div>\n\t\t\t\t<\/div>\n\t\t\t\t\t<\/div>\n\t\t\t\t<\/div>\n\t\t\t\t<\/div>\n\t\t","protected":false},"excerpt":{"rendered":"<p>Santiago, 25 de julio de 2025.\u00a0 Este viernes se dio inicio en el Centro de Entrenamiento Ol\u00edmpico (CEO) al Curso FECHITEME I \u2013 Para Tenis de Mesa, liderado por el Head Coach Francisco Carrasco y la Unidad T\u00e9cnica Nacional de Fechiteme (PTT). Con la participaci\u00f3n de m\u00e1s de 29 alumnos provenientes de distintas regiones del&#8230;<\/p>\n","protected":false},"author":1,"featured_media":3096,"comment_status":"closed","ping_status":"closed","sticky":false,"template":"","format":"standard","meta":{"footnotes":""},"categories":[2,32],"tags":[],"class_list":["post-3094","post","type-post","status-publish","format-standard","has-post-thumbnail","hentry","category-noticias","category-para-tenis-de-mesa"],"_links":{"self":[{"href":"https:\/\/fechiteme.cl\/ns\/wp-json\/wp\/v2\/posts\/3094","targetHints":{"allow":["GET"]}}],"collection":[{"href":"https:\/\/fechiteme.cl\/ns\/wp-json\/wp\/v2\/posts"}],"about":[{"href":"https:\/\/fechiteme.cl\/ns\/wp-json\/wp\/v2\/types\/post"}],"author":[{"embeddable":true,"href":"https:\/\/fechiteme.cl\/ns\/wp-json\/wp\/v2\/users\/1"}],"replies":[{"embeddable":true,"href":"https:\/\/fechiteme.cl\/ns\/wp-json\/wp\/v2\/comments?post=3094"}],"version-history":[{"count":3,"href":"https:\/\/fechiteme.cl\/ns\/wp-json\/wp\/v2\/posts\/3094\/revisions"}],"predecessor-version":[{"id":3099,"href":"https:\/\/fechiteme.cl\/ns\/wp-json\/wp\/v2\/posts\/3094\/revisions\/3099"}],"wp:featuredmedia":[{"embeddable":true,"href":"https:\/\/fechiteme.cl\/ns\/wp-json\/wp\/v2\/media\/3096"}],"wp:attachment":[{"href":"https:\/\/fechiteme.cl\/ns\/wp-json\/wp\/v2\/media?parent=3094"}],"wp:term":[{"taxonomy":"category","embeddable":true,"href":"https:\/\/fechiteme.cl\/ns\/wp-json\/wp\/v2\/categories?post=3094"},{"taxonomy":"post_tag","embeddable":true,"href":"https:\/\/fechiteme.cl\/ns\/wp-json\/wp\/v2\/tags?post=3094"}],"curies":[{"name":"wp","href":"https:\/\/api.w.org\/{rel}","templated":true}]}}