{"id":3365,"date":"2025-08-21T22:59:52","date_gmt":"2025-08-21T22:59:52","guid":{"rendered":"https:\/\/fechiteme.cl\/ns\/?p=3365"},"modified":"2025-08-21T23:00:06","modified_gmt":"2025-08-21T23:00:06","slug":"ignacio-torres-es-el-nuevo-numero-uno-del-mundo","status":"publish","type":"post","link":"https:\/\/fechiteme.cl\/ns\/2025\/08\/21\/ignacio-torres-es-el-nuevo-numero-uno-del-mundo\/","title":{"rendered":"\u00a1IGNACIO TORRES ES EL NUEVO N\u00daMERO UNO DEL MUNDO!"},"content":{"rendered":"\t\t<div data-elementor-type=\"wp-post\" data-elementor-id=\"3365\" class=\"elementor elementor-3365\" data-elementor-post-type=\"post\">\n\t\t\t\t<div class=\"elementor-element elementor-element-586dbc5 e-flex e-con-boxed e-con e-parent\" data-id=\"586dbc5\" data-element_type=\"container\">\n\t\t\t\t\t<div class=\"e-con-inner\">\n\t\t\t\t<div class=\"elementor-element elementor-element-3b73d76 elementor-widget elementor-widget-text-editor\" data-id=\"3b73d76\" data-element_type=\"widget\" data-widget_type=\"text-editor.default\">\n\t\t\t\t<div class=\"elementor-widget-container\">\n\t\t\t\t\t\t\t\t\t<p><strong>\u00a1IGNACIO TORRES ES EL NUEVO N\u00daMERO UNO DEL MUNDO!<br \/><\/strong><br \/><strong>Santiago, 21 de Agosto de 2025.<\/strong>\u00a0 El seleccionado nacional de Tenis de Mesa \u00a0Ignacio Torres alcanz\u00f3 un logro hist\u00f3rico al convertirse en el n\u00famero uno del mundo en la clase 6 del \u00a0ranking mundial de la ITTF, luego de coronarse campe\u00f3n en el Para Elite de Spokane, Estados Unidos, uno de los torneos d mayor prestigio del circuito.<\/p><p>Con este resultado, Torres se convierte en el primer chileno en la historia en liderar el ranking mundial de Para tenis de mesa, consolidando una carrera que ya hab\u00eda dejado huella con dos medallas de oro en los Juegos Parapanamericanos de Santiago 2023.<\/p><blockquote><p>En palabras de Ignacio: \u201cNo puedo m\u00e1s de felicidad. Gracias a todo aquel que ha sido parte de este proceso y sobre todo, a mis padres que nunca dejaron que me rindiera\u201d, expres\u00f3 emocionado tras el triunfo.<\/p><p>En palabras de la Presidenta de la Federaci\u00f3n se\u00f1ala: \u201c Ignacio ha conseguido \u00a0un hecho hist\u00f3rico para el Tenis de Mesa Chileno, convertirse en el n\u00famero uno del ranking mundial de la ITTF. Esto no es una casualidad, sino un trabajo constante de la unidad t\u00e9cnica nacional que culmina con un resultado hist\u00f3rico para nuestro pa\u00eds. Agradecer a Ignacio por este logro, pero tambi\u00e9n a quienes hacen posible todo aquello como el equipo t\u00e9cnico nacional, \u00a0El Plan Paral\u00edmpico encabezado por Robinson M\u00e9ndez, el Departamento de Alto rendimiento IND, Copachi y todos aquellos que desde el CEP-Fechiteme hacen posible este trabajo\u201d.<\/p><\/blockquote><p>Con este logro, Ignacio Torres se proyecta como una de las grandes figuras chilenas para los pr\u00f3ximos desaf\u00edos, incluyendo los Juegos Parapanamericanos Juveniles Chile 2025 y el camino hacia los Juegos Paral\u00edmpicos de Los \u00c1ngeles 2028. Sin duda, un orgullo que inspira a toda nuestra comunidad deportiva.<\/p><p><strong>IGNACIO Felicitaciones por este logro hist\u00f3rico<\/strong><\/p><p><strong>\u00a1Vamos por m\u00e1s!<\/strong><br \/>\u00a0Juntos, podemos lograr grandes cosas. #TenisDeMesa #Federaci\u00f3nChilenaDeTenisDeMesa#Fechiteme<\/p>\t\t\t\t\t\t\t\t<\/div>\n\t\t\t\t<\/div>\n\t\t\t\t\t<\/div>\n\t\t\t\t<\/div>\n\t\t<div class=\"elementor-element elementor-element-e0ec375 e-flex e-con-boxed e-con e-parent\" data-id=\"e0ec375\" data-element_type=\"container\">\n\t\t\t\t\t<div class=\"e-con-inner\">\n\t\t\t\t<div class=\"elementor-element elementor-element-a84d131 elementor-widget elementor-widget-image\" data-id=\"a84d131\" data-element_type=\"widget\" data-widget_type=\"image.default\">\n\t\t\t\t<div class=\"elementor-widget-container\">\n\t\t\t\t\t\t\t\t\t\t\t\t\t\t\t<img fetchpriority=\"high\" decoding=\"async\" width=\"640\" height=\"800\" src=\"https:\/\/fechiteme.cl\/ns\/wp-content\/uploads\/2025\/08\/1-3-819x1024.png\" class=\"attachment-large size-large wp-image-3366\" alt=\"\" srcset=\"https:\/\/fechiteme.cl\/ns\/wp-content\/uploads\/2025\/08\/1-3-819x1024.png 819w, https:\/\/fechiteme.cl\/ns\/wp-content\/uploads\/2025\/08\/1-3-240x300.png 240w, https:\/\/fechiteme.cl\/ns\/wp-content\/uploads\/2025\/08\/1-3-768x960.png 768w, https:\/\/fechiteme.cl\/ns\/wp-content\/uploads\/2025\/08\/1-3.png 1080w\" sizes=\"(max-width: 640px) 100vw, 640px\" \/>\t\t\t\t\t\t\t\t\t\t\t\t\t\t\t<\/div>\n\t\t\t\t<\/div>\n\t\t\t\t<div class=\"elementor-element elementor-element-f0897db elementor-widget elementor-widget-image\" data-id=\"f0897db\" data-element_type=\"widget\" data-widget_type=\"image.default\">\n\t\t\t\t<div class=\"elementor-widget-container\">\n\t\t\t\t\t\t\t\t\t\t\t\t\t\t\t<img decoding=\"async\" width=\"640\" height=\"800\" src=\"https:\/\/fechiteme.cl\/ns\/wp-content\/uploads\/2025\/08\/2-4-819x1024.png\" class=\"attachment-large size-large wp-image-3367\" alt=\"\" srcset=\"https:\/\/fechiteme.cl\/ns\/wp-content\/uploads\/2025\/08\/2-4-819x1024.png 819w, https:\/\/fechiteme.cl\/ns\/wp-content\/uploads\/2025\/08\/2-4-240x300.png 240w, https:\/\/fechiteme.cl\/ns\/wp-content\/uploads\/2025\/08\/2-4-768x960.png 768w, https:\/\/fechiteme.cl\/ns\/wp-content\/uploads\/2025\/08\/2-4.png 1080w\" sizes=\"(max-width: 640px) 100vw, 640px\" \/>\t\t\t\t\t\t\t\t\t\t\t\t\t\t\t<\/div>\n\t\t\t\t<\/div>\n\t\t\t\t<div class=\"elementor-element elementor-element-28ad8ad elementor-widget elementor-widget-image\" data-id=\"28ad8ad\" data-element_type=\"widget\" data-widget_type=\"image.default\">\n\t\t\t\t<div class=\"elementor-widget-container\">\n\t\t\t\t\t\t\t\t\t\t\t\t\t\t\t<img decoding=\"async\" width=\"640\" height=\"800\" src=\"https:\/\/fechiteme.cl\/ns\/wp-content\/uploads\/2025\/08\/3-1-819x1024.png\" class=\"attachment-large size-large wp-image-3368\" alt=\"\" srcset=\"https:\/\/fechiteme.cl\/ns\/wp-content\/uploads\/2025\/08\/3-1-819x1024.png 819w, https:\/\/fechiteme.cl\/ns\/wp-content\/uploads\/2025\/08\/3-1-240x300.png 240w, https:\/\/fechiteme.cl\/ns\/wp-content\/uploads\/2025\/08\/3-1-768x960.png 768w, https:\/\/fechiteme.cl\/ns\/wp-content\/uploads\/2025\/08\/3-1.png 1080w\" sizes=\"(max-width: 640px) 100vw, 640px\" \/>\t\t\t\t\t\t\t\t\t\t\t\t\t\t\t<\/div>\n\t\t\t\t<\/div>\n\t\t\t\t\t<\/div>\n\t\t\t\t<\/div>\n\t\t<div class=\"elementor-element elementor-element-77a9388 e-flex e-con-boxed e-con e-parent\" data-id=\"77a9388\" data-element_type=\"container\">\n\t\t\t\t\t<div class=\"e-con-inner\">\n\t\t\t\t<div class=\"elementor-element elementor-element-6d7ff45 elementor-widget elementor-widget-text-editor\" data-id=\"6d7ff45\" data-element_type=\"widget\" data-widget_type=\"text-editor.default\">\n\t\t\t\t<div class=\"elementor-widget-container\">\n\t\t\t\t\t\t\t\t\t<p>Ver ranking mundial ITTF <a href=\"https:\/\/fechiteme.cl\/ns\/wp-content\/uploads\/2025\/08\/ITTF-World-Para-Ranking-Standing-Mens-Singles.pdf\">2025 &gt;&gt;&gt;&gt;&gt;&gt;<\/a><\/p>\t\t\t\t\t\t\t\t<\/div>\n\t\t\t\t<\/div>\n\t\t\t\t\t<\/div>\n\t\t\t\t<\/div>\n\t\t\t\t<\/div>\n\t\t","protected":false},"excerpt":{"rendered":"<p>\u00a1IGNACIO TORRES ES EL NUEVO N\u00daMERO UNO DEL MUNDO!Santiago, 21 de Agosto de 2025.\u00a0 El seleccionado nacional de Tenis de Mesa \u00a0Ignacio Torres alcanz\u00f3 un logro hist\u00f3rico al convertirse en el n\u00famero uno del mundo en la clase 6 del \u00a0ranking mundial de la ITTF, luego de coronarse campe\u00f3n en el Para Elite de Spokane,&#8230;<\/p>\n","protected":false},"author":1,"featured_media":3367,"comment_status":"closed","ping_status":"closed","sticky":false,"template":"","format":"standard","meta":{"footnotes":""},"categories":[32],"tags":[],"class_list":["post-3365","post","type-post","status-publish","format-standard","has-post-thumbnail","hentry","category-para-tenis-de-mesa"],"_links":{"self":[{"href":"https:\/\/fechiteme.cl\/ns\/wp-json\/wp\/v2\/posts\/3365","targetHints":{"allow":["GET"]}}],"collection":[{"href":"https:\/\/fechiteme.cl\/ns\/wp-json\/wp\/v2\/posts"}],"about":[{"href":"https:\/\/fechiteme.cl\/ns\/wp-json\/wp\/v2\/types\/post"}],"author":[{"embeddable":true,"href":"https:\/\/fechiteme.cl\/ns\/wp-json\/wp\/v2\/users\/1"}],"replies":[{"embeddable":true,"href":"https:\/\/fechiteme.cl\/ns\/wp-json\/wp\/v2\/comments?post=3365"}],"version-history":[{"count":3,"href":"https:\/\/fechiteme.cl\/ns\/wp-json\/wp\/v2\/posts\/3365\/revisions"}],"predecessor-version":[{"id":3372,"href":"https:\/\/fechiteme.cl\/ns\/wp-json\/wp\/v2\/posts\/3365\/revisions\/3372"}],"wp:featuredmedia":[{"embeddable":true,"href":"https:\/\/fechiteme.cl\/ns\/wp-json\/wp\/v2\/media\/3367"}],"wp:attachment":[{"href":"https:\/\/fechiteme.cl\/ns\/wp-json\/wp\/v2\/media?parent=3365"}],"wp:term":[{"taxonomy":"category","embeddable":true,"href":"https:\/\/fechiteme.cl\/ns\/wp-json\/wp\/v2\/categories?post=3365"},{"taxonomy":"post_tag","embeddable":true,"href":"https:\/\/fechiteme.cl\/ns\/wp-json\/wp\/v2\/tags?post=3365"}],"curies":[{"name":"wp","href":"https:\/\/api.w.org\/{rel}","templated":true}]}}