{"id":3648,"date":"2025-10-01T00:12:28","date_gmt":"2025-10-01T00:12:28","guid":{"rendered":"https:\/\/fechiteme.cl\/ns\/?p=3648"},"modified":"2025-10-01T00:14:38","modified_gmt":"2025-10-01T00:14:38","slug":"chilenos-rumbo-a-brasil-este-miercoles","status":"publish","type":"post","link":"https:\/\/fechiteme.cl\/ns\/2025\/10\/01\/chilenos-rumbo-a-brasil-este-miercoles\/","title":{"rendered":"\u00a1CHILENOS RUMBO A BRASIL ESTE MIERCOLES !"},"content":{"rendered":"\t\t<div data-elementor-type=\"wp-post\" data-elementor-id=\"3648\" class=\"elementor elementor-3648\" data-elementor-post-type=\"post\">\n\t\t\t\t<div class=\"elementor-element elementor-element-849620d e-flex e-con-boxed e-con e-parent\" data-id=\"849620d\" data-element_type=\"container\">\n\t\t\t\t\t<div class=\"e-con-inner\">\n\t\t\t\t<div class=\"elementor-element elementor-element-5bee79c elementor-widget elementor-widget-text-editor\" data-id=\"5bee79c\" data-element_type=\"widget\" data-widget_type=\"text-editor.default\">\n\t\t\t\t<div class=\"elementor-widget-container\">\n\t\t\t\t\t\t\t\t\t<p><strong>\u00a1CHILENOS RUMBO A BRASIL ESTE MI\u00c9RCOLES !<br \/><\/strong><br \/><strong>Santiago, 30 de Septiembre de 2025. <\/strong>Este mi\u00e9rcoles, al mediod\u00eda, partir\u00e1 rumbo a la ciudad de S\u00e3o Paulo la Selecci\u00f3n Nacional de Para Tenis de Mesa, para participar en el <strong>\u201cITTF Para Elite S\u00e3o Paulo 2025\u201d<\/strong>, certamen que se desarrollar\u00e1 entre el <strong>03 y el 08 de octubre<\/strong>.<\/p><p>Posteriormente, los d\u00edas <strong>06 y 07 de octubre<\/strong>, se sumar\u00e1 el resto de la delegaci\u00f3n que competir\u00e1 en el <strong>\u201cPara Panamericano de S\u00e3o Paulo\u201d<\/strong>, programado del <strong>09 al 12 de octubre<\/strong>.<\/p><p>Esta gira internacional se enmarca en los lineamientos del <strong>Head Coach Nacional<\/strong>, el <strong>Plan Paral\u00edmpico<\/strong> y la <strong>Federaci\u00f3n Chilena de Tenis de Mesa (Fechiteme)<\/strong>, constituyendo una instancia clave previa\u00a0 a los <strong>Juegos Para Panamericanos Chile 2025<\/strong>, cuya sede para el Tenis de Mesa ser\u00e1 la ciudad de <strong>Rengo<\/strong> en noviembre pr\u00f3ximo.<\/p><p>Link del evento: <a href=\"https:\/\/www.ittf.com\/tournament\/5677\/ITTF-World-Para-Elite-Sao-Paulo-2025\/\">https:\/\/www.ittf.com\/tournament\/5677\/ITTF-World-Para-Elite-Sao-Paulo-2025\/<\/a><\/p><p>Link evento Para panamericano: <a href=\"https:\/\/www.ittf.com\/tournament\/5678\/ITTF-Para-Panamerican-Championships-2025\/\">https:\/\/www.ittf.com\/tournament\/5678\/ITTF-Para-Panamerican-Championships-2025\/<\/a><\/p><p>Todo el \u00e9xito a nuestra selecci\u00f3n nacional Para Tenis de Mesa.<\/p><p><strong>\u00a1Vamos por m\u00e1s!<\/strong><br \/>\u00a0Juntos, podemos lograr grandes cosas. #TenisDeMesa #Federaci\u00f3nChilenaDeTenisDeMesa#Fechiteme<\/p>\t\t\t\t\t\t\t\t<\/div>\n\t\t\t\t<\/div>\n\t\t\t\t\t<\/div>\n\t\t\t\t<\/div>\n\t\t<div class=\"elementor-element elementor-element-1ae176f e-flex e-con-boxed e-con e-parent\" data-id=\"1ae176f\" data-element_type=\"container\">\n\t\t\t\t\t<div class=\"e-con-inner\">\n\t\t\t\t<div class=\"elementor-element elementor-element-5e519aa elementor-widget elementor-widget-image\" data-id=\"5e519aa\" data-element_type=\"widget\" data-widget_type=\"image.default\">\n\t\t\t\t<div class=\"elementor-widget-container\">\n\t\t\t\t\t\t\t\t\t\t\t\t\t\t\t<img fetchpriority=\"high\" decoding=\"async\" width=\"640\" height=\"480\" src=\"https:\/\/fechiteme.cl\/ns\/wp-content\/uploads\/2025\/06\/Para_future_2-1024x768.jpg\" class=\"attachment-large size-large wp-image-2609\" alt=\"\" srcset=\"https:\/\/fechiteme.cl\/ns\/wp-content\/uploads\/2025\/06\/Para_future_2-1024x768.jpg 1024w, https:\/\/fechiteme.cl\/ns\/wp-content\/uploads\/2025\/06\/Para_future_2-300x225.jpg 300w, https:\/\/fechiteme.cl\/ns\/wp-content\/uploads\/2025\/06\/Para_future_2-768x576.jpg 768w, https:\/\/fechiteme.cl\/ns\/wp-content\/uploads\/2025\/06\/Para_future_2-1536x1152.jpg 1536w, https:\/\/fechiteme.cl\/ns\/wp-content\/uploads\/2025\/06\/Para_future_2.jpg 2048w\" sizes=\"(max-width: 640px) 100vw, 640px\" \/>\t\t\t\t\t\t\t\t\t\t\t\t\t\t\t<\/div>\n\t\t\t\t<\/div>\n\t\t\t\t\t<\/div>\n\t\t\t\t<\/div>\n\t\t\t\t<\/div>\n\t\t","protected":false},"excerpt":{"rendered":"<p>\u00a1CHILENOS RUMBO A BRASIL ESTE MI\u00c9RCOLES !Santiago, 30 de Septiembre de 2025. Este mi\u00e9rcoles, al mediod\u00eda, partir\u00e1 rumbo a la ciudad de S\u00e3o Paulo la Selecci\u00f3n Nacional de Para Tenis de Mesa, para participar en el \u201cITTF Para Elite S\u00e3o Paulo 2025\u201d, certamen que se desarrollar\u00e1 entre el 03 y el 08 de octubre. Posteriormente,&#8230;<\/p>\n","protected":false},"author":1,"featured_media":2608,"comment_status":"closed","ping_status":"closed","sticky":false,"template":"","format":"standard","meta":{"footnotes":""},"categories":[2,32],"tags":[],"class_list":["post-3648","post","type-post","status-publish","format-standard","has-post-thumbnail","hentry","category-noticias","category-para-tenis-de-mesa"],"_links":{"self":[{"href":"https:\/\/fechiteme.cl\/ns\/wp-json\/wp\/v2\/posts\/3648","targetHints":{"allow":["GET"]}}],"collection":[{"href":"https:\/\/fechiteme.cl\/ns\/wp-json\/wp\/v2\/posts"}],"about":[{"href":"https:\/\/fechiteme.cl\/ns\/wp-json\/wp\/v2\/types\/post"}],"author":[{"embeddable":true,"href":"https:\/\/fechiteme.cl\/ns\/wp-json\/wp\/v2\/users\/1"}],"replies":[{"embeddable":true,"href":"https:\/\/fechiteme.cl\/ns\/wp-json\/wp\/v2\/comments?post=3648"}],"version-history":[{"count":6,"href":"https:\/\/fechiteme.cl\/ns\/wp-json\/wp\/v2\/posts\/3648\/revisions"}],"predecessor-version":[{"id":3654,"href":"https:\/\/fechiteme.cl\/ns\/wp-json\/wp\/v2\/posts\/3648\/revisions\/3654"}],"wp:featuredmedia":[{"embeddable":true,"href":"https:\/\/fechiteme.cl\/ns\/wp-json\/wp\/v2\/media\/2608"}],"wp:attachment":[{"href":"https:\/\/fechiteme.cl\/ns\/wp-json\/wp\/v2\/media?parent=3648"}],"wp:term":[{"taxonomy":"category","embeddable":true,"href":"https:\/\/fechiteme.cl\/ns\/wp-json\/wp\/v2\/categories?post=3648"},{"taxonomy":"post_tag","embeddable":true,"href":"https:\/\/fechiteme.cl\/ns\/wp-json\/wp\/v2\/tags?post=3648"}],"curies":[{"name":"wp","href":"https:\/\/api.w.org\/{rel}","templated":true}]}}