{"id":3762,"date":"2025-10-08T23:17:09","date_gmt":"2025-10-08T23:17:09","guid":{"rendered":"https:\/\/fechiteme.cl\/ns\/?p=3762"},"modified":"2025-10-16T23:18:53","modified_gmt":"2025-10-16T23:18:53","slug":"se-inician-los-campamentos-en-fechiteme","status":"publish","type":"post","link":"https:\/\/fechiteme.cl\/ns\/2025\/10\/08\/se-inician-los-campamentos-en-fechiteme\/","title":{"rendered":"\u00a1SE INICIAN LOS CAMPAMENTOS EN FECHITEME!"},"content":{"rendered":"\t\t<div data-elementor-type=\"wp-post\" data-elementor-id=\"3762\" class=\"elementor elementor-3762\" data-elementor-post-type=\"post\">\n\t\t\t\t<div class=\"elementor-element elementor-element-05e5f7e e-flex e-con-boxed e-con e-parent\" data-id=\"05e5f7e\" data-element_type=\"container\">\n\t\t\t\t\t<div class=\"e-con-inner\">\n\t\t\t\t<div class=\"elementor-element elementor-element-764cea1 elementor-widget elementor-widget-text-editor\" data-id=\"764cea1\" data-element_type=\"widget\" data-widget_type=\"text-editor.default\">\n\t\t\t\t<div class=\"elementor-widget-container\">\n\t\t\t\t\t\t\t\t\t<p><strong>\u00a1SE INICIAN LOS CAMPAMENTOS EN FECHITEME!<br \/><\/strong><br \/><strong>Santiago, 08 de Octubre de 2025. <\/strong>Esta semana dio inicio el <strong>Programa Nacional de Menores<\/strong> en el <strong>Centro de Entrenamiento Ol\u00edmpico (CEO)<\/strong>, bajo la direcci\u00f3n de la <strong>Unidad T\u00e9cnica Nacional de Menores<\/strong> de Fechiteme.<br \/>En esta primera etapa, participan los representantes de la <strong>Regi\u00f3n Metropolitana<\/strong>, seleccionados de acuerdo al <strong>ranking zonal 2025<\/strong>. Pr\u00f3ximamente, el trabajo se extender\u00e1 a <strong>las regiones<\/strong>, con el prop\u00f3sito de fortalecer el desarrollo y la mejora del rendimiento en las <strong>categor\u00edas menores<\/strong>.<\/p><p><strong><u>Campamento de la Mujer ITTF en CHILE<\/u><\/strong> <br \/>Desde el 23 al 27 de octubre en la Planta Baja CEO, se realizar\u00e1 el campamento nacional de mujeres, patrocinado por la ITTF a trav\u00e9s del departamento de desarrollo. La actividad congregara a jugadores de regiones y la ciudad capital con los mejores exponentes. Para ello, Fechiteme financiar\u00e1 los \u00edtem m\u00e1s relevantes para el \u00e9xito de la actividad, especialmente para jugadoras de regiones.<\/p><blockquote><p>En palabras de la Presidenta de Fechiteme, <strong>Beatriz Campillay<\/strong>, se\u00f1al\u00f3:<br \/>\u201c<strong>Hemos iniciado un gran anhelo de trabajo orientado al desarrollo de las y los menores en nuestro pa\u00eds<\/strong>, en l\u00ednea con los cabildos realizados por Fechiteme durante los \u00faltimos meses, instancia en la cual se pudo escuchar a las asociaciones y recoger sus planteamientos sobre el \u00e1rea de menores desde diversas miradas. Con el objetivo de <strong>implementar las acciones necesarias a trav\u00e9s de nuestra Unidad T\u00e9cnica Nacional de Menores<\/strong>, fortaleciendo as\u00ed la base formativa del tenis de mesa chileno.<br \/>Adicionalmente, <strong>el proyecto adjudicado por la ITTF para el desarrollo de la mujer<\/strong> representa un aporte significativo para <strong>incentivar y potenciar el crecimiento deportivo de nuestras j\u00f3venes deportistas<\/strong>, seguimos creciendo paso a paso\u201d.\u00a0<strong>\u00a0<\/strong><\/p><\/blockquote><p><strong>\u00a1Vamos por m\u00e1s!<\/strong><br \/>\u00a0Juntos, podemos lograr grandes cosas. #TenisDeMesa #Federaci\u00f3nChilenaDeTenisDeMesa#Fechiteme<\/p>\t\t\t\t\t\t\t\t<\/div>\n\t\t\t\t<\/div>\n\t\t\t\t\t<\/div>\n\t\t\t\t<\/div>\n\t\t<div class=\"elementor-element elementor-element-bda62d9 e-flex e-con-boxed e-con e-parent\" data-id=\"bda62d9\" data-element_type=\"container\">\n\t\t\t\t\t<div class=\"e-con-inner\">\n\t\t\t\t<div class=\"elementor-element elementor-element-344921a elementor-widget elementor-widget-image\" data-id=\"344921a\" data-element_type=\"widget\" data-widget_type=\"image.default\">\n\t\t\t\t<div class=\"elementor-widget-container\">\n\t\t\t\t\t\t\t\t\t\t\t\t\t\t\t<img fetchpriority=\"high\" decoding=\"async\" width=\"640\" height=\"427\" src=\"https:\/\/fechiteme.cl\/ns\/wp-content\/uploads\/2025\/10\/Campamento-3-1024x683.jpg\" class=\"attachment-large size-large wp-image-3765\" alt=\"\" srcset=\"https:\/\/fechiteme.cl\/ns\/wp-content\/uploads\/2025\/10\/Campamento-3-1024x683.jpg 1024w, https:\/\/fechiteme.cl\/ns\/wp-content\/uploads\/2025\/10\/Campamento-3-300x200.jpg 300w, https:\/\/fechiteme.cl\/ns\/wp-content\/uploads\/2025\/10\/Campamento-3-768x512.jpg 768w, https:\/\/fechiteme.cl\/ns\/wp-content\/uploads\/2025\/10\/Campamento-3-1536x1024.jpg 1536w, https:\/\/fechiteme.cl\/ns\/wp-content\/uploads\/2025\/10\/Campamento-3-600x400.jpg 600w, https:\/\/fechiteme.cl\/ns\/wp-content\/uploads\/2025\/10\/Campamento-3.jpg 2048w\" sizes=\"(max-width: 640px) 100vw, 640px\" \/>\t\t\t\t\t\t\t\t\t\t\t\t\t\t\t<\/div>\n\t\t\t\t<\/div>\n\t\t\t\t<div class=\"elementor-element elementor-element-89b8a70 elementor-widget elementor-widget-image\" data-id=\"89b8a70\" data-element_type=\"widget\" data-widget_type=\"image.default\">\n\t\t\t\t<div class=\"elementor-widget-container\">\n\t\t\t\t\t\t\t\t\t\t\t\t\t\t\t<img decoding=\"async\" width=\"640\" height=\"427\" src=\"https:\/\/fechiteme.cl\/ns\/wp-content\/uploads\/2025\/10\/Campamento-5-1024x683.jpg\" class=\"attachment-large size-large wp-image-3767\" alt=\"\" srcset=\"https:\/\/fechiteme.cl\/ns\/wp-content\/uploads\/2025\/10\/Campamento-5-1024x683.jpg 1024w, https:\/\/fechiteme.cl\/ns\/wp-content\/uploads\/2025\/10\/Campamento-5-300x200.jpg 300w, https:\/\/fechiteme.cl\/ns\/wp-content\/uploads\/2025\/10\/Campamento-5-768x512.jpg 768w, https:\/\/fechiteme.cl\/ns\/wp-content\/uploads\/2025\/10\/Campamento-5-1536x1024.jpg 1536w, https:\/\/fechiteme.cl\/ns\/wp-content\/uploads\/2025\/10\/Campamento-5-600x400.jpg 600w, https:\/\/fechiteme.cl\/ns\/wp-content\/uploads\/2025\/10\/Campamento-5.jpg 2048w\" sizes=\"(max-width: 640px) 100vw, 640px\" \/>\t\t\t\t\t\t\t\t\t\t\t\t\t\t\t<\/div>\n\t\t\t\t<\/div>\n\t\t\t\t<div class=\"elementor-element elementor-element-809c025 elementor-widget elementor-widget-image\" data-id=\"809c025\" data-element_type=\"widget\" data-widget_type=\"image.default\">\n\t\t\t\t<div class=\"elementor-widget-container\">\n\t\t\t\t\t\t\t\t\t\t\t\t\t\t\t<img decoding=\"async\" width=\"640\" height=\"427\" src=\"https:\/\/fechiteme.cl\/ns\/wp-content\/uploads\/2025\/10\/Campamento-6-1024x683.jpg\" class=\"attachment-large size-large wp-image-3768\" alt=\"\" srcset=\"https:\/\/fechiteme.cl\/ns\/wp-content\/uploads\/2025\/10\/Campamento-6-1024x683.jpg 1024w, https:\/\/fechiteme.cl\/ns\/wp-content\/uploads\/2025\/10\/Campamento-6-300x200.jpg 300w, https:\/\/fechiteme.cl\/ns\/wp-content\/uploads\/2025\/10\/Campamento-6-768x512.jpg 768w, https:\/\/fechiteme.cl\/ns\/wp-content\/uploads\/2025\/10\/Campamento-6-1536x1024.jpg 1536w, https:\/\/fechiteme.cl\/ns\/wp-content\/uploads\/2025\/10\/Campamento-6-600x400.jpg 600w, https:\/\/fechiteme.cl\/ns\/wp-content\/uploads\/2025\/10\/Campamento-6.jpg 2048w\" sizes=\"(max-width: 640px) 100vw, 640px\" \/>\t\t\t\t\t\t\t\t\t\t\t\t\t\t\t<\/div>\n\t\t\t\t<\/div>\n\t\t\t\t<div class=\"elementor-element elementor-element-db20f07 elementor-widget elementor-widget-image\" data-id=\"db20f07\" data-element_type=\"widget\" data-widget_type=\"image.default\">\n\t\t\t\t<div class=\"elementor-widget-container\">\n\t\t\t\t\t\t\t\t\t\t\t\t\t\t\t<img loading=\"lazy\" decoding=\"async\" width=\"640\" height=\"427\" src=\"https:\/\/fechiteme.cl\/ns\/wp-content\/uploads\/2025\/10\/Campamento-7-1024x683.jpg\" class=\"attachment-large size-large wp-image-3769\" alt=\"\" srcset=\"https:\/\/fechiteme.cl\/ns\/wp-content\/uploads\/2025\/10\/Campamento-7-1024x683.jpg 1024w, https:\/\/fechiteme.cl\/ns\/wp-content\/uploads\/2025\/10\/Campamento-7-300x200.jpg 300w, https:\/\/fechiteme.cl\/ns\/wp-content\/uploads\/2025\/10\/Campamento-7-768x512.jpg 768w, https:\/\/fechiteme.cl\/ns\/wp-content\/uploads\/2025\/10\/Campamento-7-1536x1024.jpg 1536w, https:\/\/fechiteme.cl\/ns\/wp-content\/uploads\/2025\/10\/Campamento-7-600x400.jpg 600w, https:\/\/fechiteme.cl\/ns\/wp-content\/uploads\/2025\/10\/Campamento-7.jpg 2048w\" sizes=\"(max-width: 640px) 100vw, 640px\" \/>\t\t\t\t\t\t\t\t\t\t\t\t\t\t\t<\/div>\n\t\t\t\t<\/div>\n\t\t\t\t<div class=\"elementor-element elementor-element-59fa1c1 elementor-widget elementor-widget-image\" data-id=\"59fa1c1\" data-element_type=\"widget\" data-widget_type=\"image.default\">\n\t\t\t\t<div class=\"elementor-widget-container\">\n\t\t\t\t\t\t\t\t\t\t\t\t\t\t\t<img loading=\"lazy\" decoding=\"async\" width=\"640\" height=\"427\" src=\"https:\/\/fechiteme.cl\/ns\/wp-content\/uploads\/2025\/10\/Campamento-1-1024x683.jpg\" class=\"attachment-large size-large wp-image-3763\" alt=\"\" srcset=\"https:\/\/fechiteme.cl\/ns\/wp-content\/uploads\/2025\/10\/Campamento-1-1024x683.jpg 1024w, https:\/\/fechiteme.cl\/ns\/wp-content\/uploads\/2025\/10\/Campamento-1-300x200.jpg 300w, https:\/\/fechiteme.cl\/ns\/wp-content\/uploads\/2025\/10\/Campamento-1-768x512.jpg 768w, https:\/\/fechiteme.cl\/ns\/wp-content\/uploads\/2025\/10\/Campamento-1-1536x1024.jpg 1536w, https:\/\/fechiteme.cl\/ns\/wp-content\/uploads\/2025\/10\/Campamento-1-600x400.jpg 600w, https:\/\/fechiteme.cl\/ns\/wp-content\/uploads\/2025\/10\/Campamento-1.jpg 2048w\" sizes=\"(max-width: 640px) 100vw, 640px\" \/>\t\t\t\t\t\t\t\t\t\t\t\t\t\t\t<\/div>\n\t\t\t\t<\/div>\n\t\t\t\t\t<\/div>\n\t\t\t\t<\/div>\n\t\t\t\t<\/div>\n\t\t","protected":false},"excerpt":{"rendered":"<p>\u00a1SE INICIAN LOS CAMPAMENTOS EN FECHITEME! Santiago, 08 de Octubre de 2025. Esta semana dio inicio el Programa Nacional de Menores en el Centro de Entrenamiento Ol\u00edmpico (CEO), bajo la direcci\u00f3n de la Unidad T\u00e9cnica Nacional de Menores de Fechiteme. En esta primera etapa, participan los representantes de la Regi\u00f3n Metropolitana, seleccionados de acuerdo al&#8230;<\/p>\n","protected":false},"author":1,"featured_media":3763,"comment_status":"closed","ping_status":"closed","sticky":false,"template":"","format":"standard","meta":{"footnotes":""},"categories":[44],"tags":[],"class_list":["post-3762","post","type-post","status-publish","format-standard","has-post-thumbnail","hentry","category-campamentos-fechiteme"],"_links":{"self":[{"href":"https:\/\/fechiteme.cl\/ns\/wp-json\/wp\/v2\/posts\/3762","targetHints":{"allow":["GET"]}}],"collection":[{"href":"https:\/\/fechiteme.cl\/ns\/wp-json\/wp\/v2\/posts"}],"about":[{"href":"https:\/\/fechiteme.cl\/ns\/wp-json\/wp\/v2\/types\/post"}],"author":[{"embeddable":true,"href":"https:\/\/fechiteme.cl\/ns\/wp-json\/wp\/v2\/users\/1"}],"replies":[{"embeddable":true,"href":"https:\/\/fechiteme.cl\/ns\/wp-json\/wp\/v2\/comments?post=3762"}],"version-history":[{"count":4,"href":"https:\/\/fechiteme.cl\/ns\/wp-json\/wp\/v2\/posts\/3762\/revisions"}],"predecessor-version":[{"id":4029,"href":"https:\/\/fechiteme.cl\/ns\/wp-json\/wp\/v2\/posts\/3762\/revisions\/4029"}],"wp:featuredmedia":[{"embeddable":true,"href":"https:\/\/fechiteme.cl\/ns\/wp-json\/wp\/v2\/media\/3763"}],"wp:attachment":[{"href":"https:\/\/fechiteme.cl\/ns\/wp-json\/wp\/v2\/media?parent=3762"}],"wp:term":[{"taxonomy":"category","embeddable":true,"href":"https:\/\/fechiteme.cl\/ns\/wp-json\/wp\/v2\/categories?post=3762"},{"taxonomy":"post_tag","embeddable":true,"href":"https:\/\/fechiteme.cl\/ns\/wp-json\/wp\/v2\/tags?post=3762"}],"curies":[{"name":"wp","href":"https:\/\/api.w.org\/{rel}","templated":true}]}}