{"id":3776,"date":"2025-10-09T18:15:45","date_gmt":"2025-10-09T18:15:45","guid":{"rendered":"https:\/\/fechiteme.cl\/ns\/?p=3776"},"modified":"2025-10-24T17:34:33","modified_gmt":"2025-10-24T17:34:33","slug":"liga-nacional-paralimpica-2025","status":"publish","type":"post","link":"https:\/\/fechiteme.cl\/ns\/2025\/10\/09\/liga-nacional-paralimpica-2025\/","title":{"rendered":"LIGA NACIONAL PARALIMPICA 2025"},"content":{"rendered":"\t\t<div data-elementor-type=\"wp-post\" data-elementor-id=\"3776\" class=\"elementor elementor-3776\" data-elementor-post-type=\"post\">\n\t\t\t\t<div class=\"elementor-element elementor-element-8a78683 e-flex e-con-boxed e-con e-parent\" data-id=\"8a78683\" data-element_type=\"container\">\n\t\t\t\t\t<div class=\"e-con-inner\">\n\t\t\t\t<div class=\"elementor-element elementor-element-d37c710 elementor-widget elementor-widget-heading\" data-id=\"d37c710\" data-element_type=\"widget\" data-widget_type=\"heading.default\">\n\t\t\t\t<div class=\"elementor-widget-container\">\n\t\t\t\t\t<h2 class=\"elementor-heading-title elementor-size-default\">LIGA NACIONAL PARAL\u00cdMPICA 2025 (25 y 26 de octubre)<\/h2>\t\t\t\t<\/div>\n\t\t\t\t<\/div>\n\t\t\t\t\t<\/div>\n\t\t\t\t<\/div>\n\t\t<div class=\"elementor-element elementor-element-599254a e-flex e-con-boxed e-con e-parent\" data-id=\"599254a\" data-element_type=\"container\">\n\t\t\t\t\t<div class=\"e-con-inner\">\n\t\t\t\t<div class=\"elementor-element elementor-element-a480130 elementor-widget elementor-widget-text-editor\" data-id=\"a480130\" data-element_type=\"widget\" data-widget_type=\"text-editor.default\">\n\t\t\t\t<div class=\"elementor-widget-container\">\n\t\t\t\t\t\t\t\t\t<p><strong><em>Informaci\u00f3n: Liga Nacional Paral\u00edmpica (25-26 de octubre)<\/em><\/strong><\/p><ul><li><a href=\"https:\/\/fechiteme.cl\/ns\/wp-content\/uploads\/2025\/10\/Liga-Nacional-Paralimpica-FECHITEME-2025-BASES-OFICIALES.pdf\"><strong>Liga Nacional Paral\u00edmpica FCHTM 2025 &#8211; BASES OFICIALES (PDF)<\/strong><\/a>\u00a0\/ <em>Actualizado: 09.10.2025<\/em><\/li><li>Reglamento Decreto N\u00b0 22<\/li><li><a href=\"https:\/\/fechiteme.cl\/ns\/normativa-2025\/\" target=\"_blank\" rel=\"noopener\">Listado Entrenadores Acreditados<\/a><\/li><li><a href=\"https:\/\/fechiteme.cl\/ns\/wp-content\/uploads\/2025\/10\/PROGRAMACION_LIGA_PARALIMPICA.pdf\" target=\"_blank\" rel=\"noopener\"><strong>GRUPOS &amp; PROGRAMACI\u00d3N (PDF)<\/strong><\/a><\/li><li>Libro de Resultados<\/li><\/ul><p><u>M\u00e1s informaci\u00f3n<\/u><\/p><p><strong>Lugar:<\/strong> <em>Centro de Entrenamiento Ol\u00edmpico CEO, Sal\u00f3n de Tenis de Mesa CEO (planta baja).<\/em><\/p><p><span style=\"color: #ff0000;\"><em><strong>IMPORTANTE: <\/strong>se sugiere considerar los aspectos de estacionamiento.\u00a0<\/em><\/span><\/p><p><strong>Fecha:<\/strong>\u00a0 <strong>S\u00c1BADO 25<\/strong>\u00a0y <strong>DOMINGO 26 DE OCTUBRE<\/strong>.<\/p><p><strong>Organizador:\u00a0<\/strong>Federaci\u00f3n Chilena de Tenis de Mesa.\u00a0<\/p><p><strong>Categor\u00edas: <\/strong><i>Equipos Mixtos Para Tenis de Mesa: Deportistas en Silla &#8211; Deportistas de Pie.<\/i><\/p><p><strong>Plazo de inscripci\u00f3n:<\/strong>\u00a0 <span style=\"color: #ff0000;\"><strong>MARTES\u00a0 21 DE OCTUBRE (16:00 HRS.)\u00a0<\/strong><\/span> v\u00eda formulario especial de inscripci\u00f3n.\u00a0<\/p><p><strong>Plataforma de Inscripci\u00f3n Google Forms: <a href=\"https:\/\/forms.gle\/NccMmChJLchQh8pP9\" target=\"_blank\" rel=\"noopener\">https:\/\/forms.gle\/NccMmChJLchQh8pP9\u00a0<\/a><\/strong><\/p><p><strong>Mesa de Control:<\/strong> <em>Sres. Francisco Hern\u00e1ndez B. y V\u00edctor Cariaga C.<\/em><\/p><p><strong>M\u00e1s informaci\u00f3n<\/strong>: <a href=\"mailto:inscripciones@fechiteme.cl\" target=\"_blank\" rel=\"noopener\">inscripciones@fechiteme.cl<\/a> \/ <a href=\"mailto:frodriguez@fechiteme.cl\">frodriguez@fechiteme.cl<\/a><\/p><p><strong>Reglamentos Eventos 2025 <a href=\"https:\/\/fechiteme.cl\/ns\/normativa-2025\/\">aqu\u00ed&gt;&gt;&gt;&gt;&gt;&gt;&gt;<\/a><\/strong><\/p>\t\t\t\t\t\t\t\t<\/div>\n\t\t\t\t<\/div>\n\t\t\t\t\t<\/div>\n\t\t\t\t<\/div>\n\t\t<div class=\"elementor-element elementor-element-10c2639 e-flex e-con-boxed e-con e-parent\" data-id=\"10c2639\" data-element_type=\"container\">\n\t\t\t\t\t<div class=\"e-con-inner\">\n\t\t\t\t<div class=\"elementor-element elementor-element-db1dd25 elementor-widget elementor-widget-image\" data-id=\"db1dd25\" data-element_type=\"widget\" data-widget_type=\"image.default\">\n\t\t\t\t<div class=\"elementor-widget-container\">\n\t\t\t\t\t\t\t\t\t\t\t\t\t\t\t<img fetchpriority=\"high\" decoding=\"async\" width=\"640\" height=\"234\" src=\"https:\/\/fechiteme.cl\/ns\/wp-content\/uploads\/2024\/11\/CEO1_foto-1024x374.jpg\" class=\"attachment-large size-large wp-image-695\" alt=\"\" srcset=\"https:\/\/fechiteme.cl\/ns\/wp-content\/uploads\/2024\/11\/CEO1_foto-1024x374.jpg 1024w, https:\/\/fechiteme.cl\/ns\/wp-content\/uploads\/2024\/11\/CEO1_foto-300x109.jpg 300w, https:\/\/fechiteme.cl\/ns\/wp-content\/uploads\/2024\/11\/CEO1_foto-768x280.jpg 768w, https:\/\/fechiteme.cl\/ns\/wp-content\/uploads\/2024\/11\/CEO1_foto.jpg 1110w\" sizes=\"(max-width: 640px) 100vw, 640px\" \/>\t\t\t\t\t\t\t\t\t\t\t\t\t\t\t<\/div>\n\t\t\t\t<\/div>\n\t\t\t\t\t<\/div>\n\t\t\t\t<\/div>\n\t\t<div class=\"elementor-element elementor-element-3937978 e-flex e-con-boxed e-con e-parent\" data-id=\"3937978\" data-element_type=\"container\">\n\t\t\t\t\t<div class=\"e-con-inner\">\n\t\t\t\t<div class=\"elementor-element elementor-element-8da3cf0 elementor-widget elementor-widget-image\" data-id=\"8da3cf0\" data-element_type=\"widget\" data-widget_type=\"image.default\">\n\t\t\t\t<div class=\"elementor-widget-container\">\n\t\t\t\t\t\t\t\t\t\t\t\t\t\t\t<img decoding=\"async\" width=\"640\" height=\"800\" src=\"https:\/\/fechiteme.cl\/ns\/wp-content\/uploads\/2025\/10\/AFICHE_EVENTO-819x1024.png\" class=\"attachment-large size-large wp-image-3797\" alt=\"\" srcset=\"https:\/\/fechiteme.cl\/ns\/wp-content\/uploads\/2025\/10\/AFICHE_EVENTO-819x1024.png 819w, https:\/\/fechiteme.cl\/ns\/wp-content\/uploads\/2025\/10\/AFICHE_EVENTO-240x300.png 240w, https:\/\/fechiteme.cl\/ns\/wp-content\/uploads\/2025\/10\/AFICHE_EVENTO-768x960.png 768w, https:\/\/fechiteme.cl\/ns\/wp-content\/uploads\/2025\/10\/AFICHE_EVENTO.png 1080w\" sizes=\"(max-width: 640px) 100vw, 640px\" \/>\t\t\t\t\t\t\t\t\t\t\t\t\t\t\t<\/div>\n\t\t\t\t<\/div>\n\t\t\t\t\t<\/div>\n\t\t\t\t<\/div>\n\t\t\t\t<\/div>\n\t\t","protected":false},"excerpt":{"rendered":"<p>LIGA NACIONAL PARAL\u00cdMPICA 2025 (25 y 26 de octubre) Informaci\u00f3n: Liga Nacional Paral\u00edmpica (25-26 de octubre) Liga Nacional Paral\u00edmpica FCHTM 2025 &#8211; BASES OFICIALES (PDF)\u00a0\/ Actualizado: 09.10.2025 Reglamento Decreto N\u00b0 22 Listado Entrenadores Acreditados GRUPOS &amp; PROGRAMACI\u00d3N (PDF) Libro de Resultados M\u00e1s informaci\u00f3n Lugar: Centro de Entrenamiento Ol\u00edmpico CEO, Sal\u00f3n de Tenis de Mesa CEO&#8230;<\/p>\n","protected":false},"author":1,"featured_media":2792,"comment_status":"closed","ping_status":"closed","sticky":false,"template":"","format":"standard","meta":{"footnotes":""},"categories":[3],"tags":[],"class_list":["post-3776","post","type-post","status-publish","format-standard","has-post-thumbnail","hentry","category-bases-e-informativos"],"_links":{"self":[{"href":"https:\/\/fechiteme.cl\/ns\/wp-json\/wp\/v2\/posts\/3776","targetHints":{"allow":["GET"]}}],"collection":[{"href":"https:\/\/fechiteme.cl\/ns\/wp-json\/wp\/v2\/posts"}],"about":[{"href":"https:\/\/fechiteme.cl\/ns\/wp-json\/wp\/v2\/types\/post"}],"author":[{"embeddable":true,"href":"https:\/\/fechiteme.cl\/ns\/wp-json\/wp\/v2\/users\/1"}],"replies":[{"embeddable":true,"href":"https:\/\/fechiteme.cl\/ns\/wp-json\/wp\/v2\/comments?post=3776"}],"version-history":[{"count":30,"href":"https:\/\/fechiteme.cl\/ns\/wp-json\/wp\/v2\/posts\/3776\/revisions"}],"predecessor-version":[{"id":4188,"href":"https:\/\/fechiteme.cl\/ns\/wp-json\/wp\/v2\/posts\/3776\/revisions\/4188"}],"wp:featuredmedia":[{"embeddable":true,"href":"https:\/\/fechiteme.cl\/ns\/wp-json\/wp\/v2\/media\/2792"}],"wp:attachment":[{"href":"https:\/\/fechiteme.cl\/ns\/wp-json\/wp\/v2\/media?parent=3776"}],"wp:term":[{"taxonomy":"category","embeddable":true,"href":"https:\/\/fechiteme.cl\/ns\/wp-json\/wp\/v2\/categories?post=3776"},{"taxonomy":"post_tag","embeddable":true,"href":"https:\/\/fechiteme.cl\/ns\/wp-json\/wp\/v2\/tags?post=3776"}],"curies":[{"name":"wp","href":"https:\/\/api.w.org\/{rel}","templated":true}]}}