{"id":3883,"date":"2025-10-14T18:29:33","date_gmt":"2025-10-14T18:29:33","guid":{"rendered":"https:\/\/fechiteme.cl\/ns\/?p=3883"},"modified":"2025-10-16T19:09:12","modified_gmt":"2025-10-16T19:09:12","slug":"nicolas-burgos-en-semifinal-singles","status":"publish","type":"post","link":"https:\/\/fechiteme.cl\/ns\/2025\/10\/14\/nicolas-burgos-en-semifinal-singles\/","title":{"rendered":"\u00a1NICOL\u00c1S BURGOS EN SEMIFINAL SINGLES!"},"content":{"rendered":"\t\t<div data-elementor-type=\"wp-post\" data-elementor-id=\"3883\" class=\"elementor elementor-3883\" data-elementor-post-type=\"post\">\n\t\t\t\t<div class=\"elementor-element elementor-element-1113fe7 e-flex e-con-boxed e-con e-parent\" data-id=\"1113fe7\" data-element_type=\"container\">\n\t\t\t\t\t<div class=\"e-con-inner\">\n\t\t\t\t<div class=\"elementor-element elementor-element-bfa75c0 elementor-widget elementor-widget-text-editor\" data-id=\"bfa75c0\" data-element_type=\"widget\" data-widget_type=\"text-editor.default\">\n\t\t\t\t<div class=\"elementor-widget-container\">\n\t\t\t\t\t\t\t\t\t<p><strong>\u00a1NICOL\u00c1S BURGOS EN SEMIFINAL SINGLES!<br \/><\/strong><br \/><strong>Santiago, 14 de Octubre de 2025. <\/strong>El seleccionado nacional <strong>Nicol\u00e1s Burgos<\/strong> avanz\u00f3 a la <strong>semifinal del evento individual<\/strong>, tras imponerse por <strong>4-0 al brasile\u00f1o Felipe Arado<\/strong>, luego de haber vencido previamente a <strong>Nandan Naresh<\/strong> por <strong>4-2<\/strong>.<\/p><p>Por su parte, <strong>Gustavo G\u00f3mez<\/strong> buscar\u00e1 esta tarde su paso a la semifinal enfrentando al norteamericano <strong>Kanak Jha<\/strong>, a eso de las <strong>15:45 horas (hora de EE. UU.)<\/strong>.<\/p><p>En la categor\u00eda femenina, <strong>Tania Zeng<\/strong> disputar\u00e1 su encuentro por el paso a semifinales frente a <strong>Adriana D\u00edaz<\/strong> a las <strong>15:00 horas (hora de EE. UU.)<\/strong>. Durante la jornada de la ma\u00f1ana, <strong>Daniela Ortega<\/strong> fue superada por la estadounidense <strong>Lily Zhang<\/strong> por <strong>4-1<\/strong>.<\/p><p><strong>En b\u00fasqueda de la final panamericana<br \/><\/strong>La dupla <strong>Gustavo G\u00f3mez \/ Nicol\u00e1s Burgos<\/strong> competir\u00e1 a eso de las <strong>18:30 horas (hora de EE. UU.)<\/strong> por un cupo en la final de <strong>Dobles Varones<\/strong>, frente a los argentinos <strong>Cifuentes \u2013 Lorenzo<\/strong>.<\/p><p>En tanto, la pareja <strong>Daniela Ortega \/ Paulina Vega<\/strong> saldr\u00e1 a la mesa a las <strong>18:00 horas (hora de EE. UU.)<\/strong> para disputar su paso a la final del evento de <strong>Dobles Damas<\/strong>, frente a la dupla Guatemalteca <strong>Cordero \u2013 Zapata<\/strong>.<\/p><p>M\u00e1s informaci\u00f3n:\u00a0 <a href=\"https:\/\/www.ittf.com\/tournament\/3162\/ITTF%20Pan%20American%20Championships%202025\/\">https:\/\/www.ittf.com\/tournament\/3162\/ITTF%20Pan%20American%20Championships%202025\/<\/a><\/p><p>Fotograf\u00edas: <a href=\"https:\/\/www.flickr.com\/photos\/192694133@N05\/\" target=\"_blank\" rel=\"noopener\">https:\/\/www.flickr.com\/photos\/192694133@N05\/\u00a0<\/a><\/p><p><strong>\u00a1Vamos por m\u00e1s!<\/strong><br \/>\u00a0Juntos, podemos lograr grandes cosas. #TenisDeMesa #Federaci\u00f3nChilenaDeTenisDeMesa#Fechiteme<\/p><p><img fetchpriority=\"high\" decoding=\"async\" class=\"alignnone size-large wp-image-3884\" src=\"https:\/\/fechiteme.cl\/ns\/wp-content\/uploads\/2025\/10\/16-1024x683.jpg\" alt=\"\" width=\"640\" height=\"427\" srcset=\"https:\/\/fechiteme.cl\/ns\/wp-content\/uploads\/2025\/10\/16-1024x683.jpg 1024w, https:\/\/fechiteme.cl\/ns\/wp-content\/uploads\/2025\/10\/16-300x200.jpg 300w, https:\/\/fechiteme.cl\/ns\/wp-content\/uploads\/2025\/10\/16-768x512.jpg 768w, https:\/\/fechiteme.cl\/ns\/wp-content\/uploads\/2025\/10\/16-1536x1024.jpg 1536w, https:\/\/fechiteme.cl\/ns\/wp-content\/uploads\/2025\/10\/16-600x400.jpg 600w, https:\/\/fechiteme.cl\/ns\/wp-content\/uploads\/2025\/10\/16.jpg 2048w\" sizes=\"(max-width: 640px) 100vw, 640px\" \/> <img decoding=\"async\" class=\"alignnone size-large wp-image-3885\" src=\"https:\/\/fechiteme.cl\/ns\/wp-content\/uploads\/2025\/10\/17-1024x683.jpg\" alt=\"\" width=\"640\" height=\"427\" srcset=\"https:\/\/fechiteme.cl\/ns\/wp-content\/uploads\/2025\/10\/17-1024x683.jpg 1024w, https:\/\/fechiteme.cl\/ns\/wp-content\/uploads\/2025\/10\/17-300x200.jpg 300w, https:\/\/fechiteme.cl\/ns\/wp-content\/uploads\/2025\/10\/17-768x512.jpg 768w, https:\/\/fechiteme.cl\/ns\/wp-content\/uploads\/2025\/10\/17-1536x1024.jpg 1536w, https:\/\/fechiteme.cl\/ns\/wp-content\/uploads\/2025\/10\/17-600x400.jpg 600w, https:\/\/fechiteme.cl\/ns\/wp-content\/uploads\/2025\/10\/17.jpg 2048w\" sizes=\"(max-width: 640px) 100vw, 640px\" \/> <img decoding=\"async\" class=\"alignnone size-large wp-image-3886\" src=\"https:\/\/fechiteme.cl\/ns\/wp-content\/uploads\/2025\/10\/26-1024x683.jpg\" alt=\"\" width=\"640\" height=\"427\" srcset=\"https:\/\/fechiteme.cl\/ns\/wp-content\/uploads\/2025\/10\/26-1024x683.jpg 1024w, https:\/\/fechiteme.cl\/ns\/wp-content\/uploads\/2025\/10\/26-300x200.jpg 300w, https:\/\/fechiteme.cl\/ns\/wp-content\/uploads\/2025\/10\/26-768x512.jpg 768w, https:\/\/fechiteme.cl\/ns\/wp-content\/uploads\/2025\/10\/26-1536x1024.jpg 1536w, https:\/\/fechiteme.cl\/ns\/wp-content\/uploads\/2025\/10\/26-600x400.jpg 600w, https:\/\/fechiteme.cl\/ns\/wp-content\/uploads\/2025\/10\/26.jpg 2048w\" sizes=\"(max-width: 640px) 100vw, 640px\" \/> <img loading=\"lazy\" decoding=\"async\" class=\"alignnone size-large wp-image-3887\" src=\"https:\/\/fechiteme.cl\/ns\/wp-content\/uploads\/2025\/10\/27-1024x683.jpg\" alt=\"\" width=\"640\" height=\"427\" srcset=\"https:\/\/fechiteme.cl\/ns\/wp-content\/uploads\/2025\/10\/27-1024x683.jpg 1024w, https:\/\/fechiteme.cl\/ns\/wp-content\/uploads\/2025\/10\/27-300x200.jpg 300w, https:\/\/fechiteme.cl\/ns\/wp-content\/uploads\/2025\/10\/27-768x512.jpg 768w, https:\/\/fechiteme.cl\/ns\/wp-content\/uploads\/2025\/10\/27-1536x1024.jpg 1536w, https:\/\/fechiteme.cl\/ns\/wp-content\/uploads\/2025\/10\/27-600x400.jpg 600w, https:\/\/fechiteme.cl\/ns\/wp-content\/uploads\/2025\/10\/27.jpg 2048w\" sizes=\"(max-width: 640px) 100vw, 640px\" \/> <img loading=\"lazy\" decoding=\"async\" class=\"alignnone size-large wp-image-3888\" src=\"https:\/\/fechiteme.cl\/ns\/wp-content\/uploads\/2025\/10\/28-1024x683.jpg\" alt=\"\" width=\"640\" height=\"427\" srcset=\"https:\/\/fechiteme.cl\/ns\/wp-content\/uploads\/2025\/10\/28-1024x683.jpg 1024w, https:\/\/fechiteme.cl\/ns\/wp-content\/uploads\/2025\/10\/28-300x200.jpg 300w, https:\/\/fechiteme.cl\/ns\/wp-content\/uploads\/2025\/10\/28-768x512.jpg 768w, https:\/\/fechiteme.cl\/ns\/wp-content\/uploads\/2025\/10\/28-1536x1024.jpg 1536w, https:\/\/fechiteme.cl\/ns\/wp-content\/uploads\/2025\/10\/28-600x400.jpg 600w, https:\/\/fechiteme.cl\/ns\/wp-content\/uploads\/2025\/10\/28.jpg 2048w\" sizes=\"(max-width: 640px) 100vw, 640px\" \/><\/p>\t\t\t\t\t\t\t\t<\/div>\n\t\t\t\t<\/div>\n\t\t\t\t\t<\/div>\n\t\t\t\t<\/div>\n\t\t\t\t<\/div>\n\t\t","protected":false},"excerpt":{"rendered":"<p>\u00a1NICOL\u00c1S BURGOS EN SEMIFINAL SINGLES! Santiago, 14 de Octubre de 2025. El seleccionado nacional Nicol\u00e1s Burgos avanz\u00f3 a la semifinal del evento individual, tras imponerse por 4-0 al brasile\u00f1o Felipe Arado, luego de haber vencido previamente a Nandan Naresh por 4-2. Por su parte, Gustavo G\u00f3mez buscar\u00e1 esta tarde su paso a la semifinal enfrentando&#8230;<\/p>\n","protected":false},"author":1,"featured_media":3886,"comment_status":"closed","ping_status":"closed","sticky":false,"template":"","format":"standard","meta":{"footnotes":""},"categories":[2,43],"tags":[],"class_list":["post-3883","post","type-post","status-publish","format-standard","has-post-thumbnail","hentry","category-noticias","category-sudamericano-panamericanos"],"_links":{"self":[{"href":"https:\/\/fechiteme.cl\/ns\/wp-json\/wp\/v2\/posts\/3883","targetHints":{"allow":["GET"]}}],"collection":[{"href":"https:\/\/fechiteme.cl\/ns\/wp-json\/wp\/v2\/posts"}],"about":[{"href":"https:\/\/fechiteme.cl\/ns\/wp-json\/wp\/v2\/types\/post"}],"author":[{"embeddable":true,"href":"https:\/\/fechiteme.cl\/ns\/wp-json\/wp\/v2\/users\/1"}],"replies":[{"embeddable":true,"href":"https:\/\/fechiteme.cl\/ns\/wp-json\/wp\/v2\/comments?post=3883"}],"version-history":[{"count":4,"href":"https:\/\/fechiteme.cl\/ns\/wp-json\/wp\/v2\/posts\/3883\/revisions"}],"predecessor-version":[{"id":3933,"href":"https:\/\/fechiteme.cl\/ns\/wp-json\/wp\/v2\/posts\/3883\/revisions\/3933"}],"wp:featuredmedia":[{"embeddable":true,"href":"https:\/\/fechiteme.cl\/ns\/wp-json\/wp\/v2\/media\/3886"}],"wp:attachment":[{"href":"https:\/\/fechiteme.cl\/ns\/wp-json\/wp\/v2\/media?parent=3883"}],"wp:term":[{"taxonomy":"category","embeddable":true,"href":"https:\/\/fechiteme.cl\/ns\/wp-json\/wp\/v2\/categories?post=3883"},{"taxonomy":"post_tag","embeddable":true,"href":"https:\/\/fechiteme.cl\/ns\/wp-json\/wp\/v2\/tags?post=3883"}],"curies":[{"name":"wp","href":"https:\/\/api.w.org\/{rel}","templated":true}]}}