{"id":4034,"date":"2025-10-16T23:35:04","date_gmt":"2025-10-16T23:35:04","guid":{"rendered":"https:\/\/fechiteme.cl\/ns\/?p=4034"},"modified":"2025-10-16T23:36:30","modified_gmt":"2025-10-16T23:36:30","slug":"campamento-de-la-mujer-ittf-en-chile","status":"publish","type":"post","link":"https:\/\/fechiteme.cl\/ns\/2025\/10\/16\/campamento-de-la-mujer-ittf-en-chile\/","title":{"rendered":"\u00a1CAMPAMENTO DE LA MUJER ITTF EN CHILE !"},"content":{"rendered":"\t\t<div data-elementor-type=\"wp-post\" data-elementor-id=\"4034\" class=\"elementor elementor-4034\" data-elementor-post-type=\"post\">\n\t\t\t\t<div class=\"elementor-element elementor-element-193bff2 e-flex e-con-boxed e-con e-parent\" data-id=\"193bff2\" data-element_type=\"container\">\n\t\t\t\t\t<div class=\"e-con-inner\">\n\t\t\t\t<div class=\"elementor-element elementor-element-c5eb5ad elementor-widget elementor-widget-text-editor\" data-id=\"c5eb5ad\" data-element_type=\"widget\" data-widget_type=\"text-editor.default\">\n\t\t\t\t<div class=\"elementor-widget-container\">\n\t\t\t\t\t\t\t\t\t<p><strong>\u00a1CAMPAMENTO DE LA MUJER ITTF EN CHILE !<br \/><\/strong><br \/><strong>Santiago, 16 de Octubre de 2025. <\/strong>El pr\u00f3ximo jueves 23 de octubre en el Centro de entrenamiento Ol\u00edmpico CEO, se dar\u00e1 inicio al campamento nacional de la mujer ITTF. Programa financiado directamente por ITTF y Fechiteme para un total de 06 deportistas de regi\u00f3n y 10 de la RM. <br \/>La actividad estar\u00e1 liderada por el experto ITTF y Head Coach de Fechiteme sr. Francisco Seijas en conjunto con la UTN de Fechiteme.<\/p><p>M\u00e1s informaci\u00f3n: <a href=\"https:\/\/www.ittf.com\/hpd\/programmes\/participation-program-member-associations\/introduction-participation-program\/\">https:\/\/www.ittf.com\/hpd\/programmes\/participation-program-member-associations\/introduction-participation-program\/<\/a> \u00a0<\/p><p>De igual forma, el programa nacional de campamento de menores comenzar\u00e1 su segunda etapa el mi\u00e9rcoles 22 de octubre en el CEO. Bajo la direcci\u00f3n de los entrenadores Marcelo Fern\u00e1ndez, Marcos N\u00fa\u00f1ez y el metod\u00f3logo Miguel Henr\u00edquez. \u00a0M\u00e1s informaci\u00f3n a trav\u00e9s de nuestras asociaciones locales del pa\u00eds.<\/p><p><strong>\u00a1Vamos por m\u00e1s!<\/strong><br \/>\u00a0Juntos, podemos lograr grandes cosas. #TenisDeMesa #Federaci\u00f3nChilenaDeTenisDeMesa#Fechiteme<\/p>\t\t\t\t\t\t\t\t<\/div>\n\t\t\t\t<\/div>\n\t\t\t\t\t<\/div>\n\t\t\t\t<\/div>\n\t\t<div class=\"elementor-element elementor-element-edb63e9 e-flex e-con-boxed e-con e-parent\" data-id=\"edb63e9\" data-element_type=\"container\">\n\t\t\t\t\t<div class=\"e-con-inner\">\n\t\t\t\t<div class=\"elementor-element elementor-element-550d698 elementor-widget elementor-widget-image\" data-id=\"550d698\" data-element_type=\"widget\" data-widget_type=\"image.default\">\n\t\t\t\t<div class=\"elementor-widget-container\">\n\t\t\t\t\t\t\t\t\t\t\t\t\t\t\t<img fetchpriority=\"high\" decoding=\"async\" width=\"640\" height=\"321\" src=\"https:\/\/fechiteme.cl\/ns\/wp-content\/uploads\/2025\/10\/participation-program24-1024x514.png\" class=\"attachment-large size-large wp-image-4035\" alt=\"\" srcset=\"https:\/\/fechiteme.cl\/ns\/wp-content\/uploads\/2025\/10\/participation-program24-1024x514.png 1024w, https:\/\/fechiteme.cl\/ns\/wp-content\/uploads\/2025\/10\/participation-program24-300x151.png 300w, https:\/\/fechiteme.cl\/ns\/wp-content\/uploads\/2025\/10\/participation-program24-768x385.png 768w, https:\/\/fechiteme.cl\/ns\/wp-content\/uploads\/2025\/10\/participation-program24-1536x771.png 1536w, https:\/\/fechiteme.cl\/ns\/wp-content\/uploads\/2025\/10\/participation-program24-2048x1028.png 2048w\" sizes=\"(max-width: 640px) 100vw, 640px\" \/>\t\t\t\t\t\t\t\t\t\t\t\t\t\t\t<\/div>\n\t\t\t\t<\/div>\n\t\t\t\t\t<\/div>\n\t\t\t\t<\/div>\n\t\t\t\t<\/div>\n\t\t","protected":false},"excerpt":{"rendered":"<p>\u00a1CAMPAMENTO DE LA MUJER ITTF EN CHILE !Santiago, 16 de Octubre de 2025. El pr\u00f3ximo jueves 23 de octubre en el Centro de entrenamiento Ol\u00edmpico CEO, se dar\u00e1 inicio al campamento nacional de la mujer ITTF. Programa financiado directamente por ITTF y Fechiteme para un total de 06 deportistas de regi\u00f3n y 10 de la&#8230;<\/p>\n","protected":false},"author":1,"featured_media":4035,"comment_status":"closed","ping_status":"closed","sticky":false,"template":"","format":"standard","meta":{"footnotes":""},"categories":[44,2],"tags":[],"class_list":["post-4034","post","type-post","status-publish","format-standard","has-post-thumbnail","hentry","category-campamentos-fechiteme","category-noticias"],"_links":{"self":[{"href":"https:\/\/fechiteme.cl\/ns\/wp-json\/wp\/v2\/posts\/4034","targetHints":{"allow":["GET"]}}],"collection":[{"href":"https:\/\/fechiteme.cl\/ns\/wp-json\/wp\/v2\/posts"}],"about":[{"href":"https:\/\/fechiteme.cl\/ns\/wp-json\/wp\/v2\/types\/post"}],"author":[{"embeddable":true,"href":"https:\/\/fechiteme.cl\/ns\/wp-json\/wp\/v2\/users\/1"}],"replies":[{"embeddable":true,"href":"https:\/\/fechiteme.cl\/ns\/wp-json\/wp\/v2\/comments?post=4034"}],"version-history":[{"count":3,"href":"https:\/\/fechiteme.cl\/ns\/wp-json\/wp\/v2\/posts\/4034\/revisions"}],"predecessor-version":[{"id":4038,"href":"https:\/\/fechiteme.cl\/ns\/wp-json\/wp\/v2\/posts\/4034\/revisions\/4038"}],"wp:featuredmedia":[{"embeddable":true,"href":"https:\/\/fechiteme.cl\/ns\/wp-json\/wp\/v2\/media\/4035"}],"wp:attachment":[{"href":"https:\/\/fechiteme.cl\/ns\/wp-json\/wp\/v2\/media?parent=4034"}],"wp:term":[{"taxonomy":"category","embeddable":true,"href":"https:\/\/fechiteme.cl\/ns\/wp-json\/wp\/v2\/categories?post=4034"},{"taxonomy":"post_tag","embeddable":true,"href":"https:\/\/fechiteme.cl\/ns\/wp-json\/wp\/v2\/tags?post=4034"}],"curies":[{"name":"wp","href":"https:\/\/api.w.org\/{rel}","templated":true}]}}