{"id":4279,"date":"2025-10-27T02:27:01","date_gmt":"2025-10-27T02:27:01","guid":{"rendered":"https:\/\/fechiteme.cl\/ns\/?p=4279"},"modified":"2025-10-27T02:36:16","modified_gmt":"2025-10-27T02:36:16","slug":"finaliza-primera-liga-nacional-para-tenis-de-mesa","status":"publish","type":"post","link":"https:\/\/fechiteme.cl\/ns\/2025\/10\/27\/finaliza-primera-liga-nacional-para-tenis-de-mesa\/","title":{"rendered":"\u00a1FINALIZA PRIMERA LIGA NACIONAL PARA TENIS DE MESA!"},"content":{"rendered":"\t\t<div data-elementor-type=\"wp-post\" data-elementor-id=\"4279\" class=\"elementor elementor-4279\" data-elementor-post-type=\"post\">\n\t\t\t\t<div class=\"elementor-element elementor-element-91c851c e-flex e-con-boxed e-con e-parent\" data-id=\"91c851c\" data-element_type=\"container\">\n\t\t\t\t\t<div class=\"e-con-inner\">\n\t\t\t\t<div class=\"elementor-element elementor-element-99ab785 elementor-widget elementor-widget-text-editor\" data-id=\"99ab785\" data-element_type=\"widget\" data-widget_type=\"text-editor.default\">\n\t\t\t\t<div class=\"elementor-widget-container\">\n\t\t\t\t\t\t\t\t\t<p><strong>Santiago, 26 de Octubre de 2025. <\/strong>En el Centro de Entrenamiento Ol\u00edmpico (CEO) se desarroll\u00f3 la Liga Nacional de Para Tenis de Mesa, organizada por la Federaci\u00f3n Chilena de Tenis de Mesa (Fechiteme).<\/p><p>En la oportunidad, se dieron cita los m\u00e1s destacados deportistas del Para Tenis de Mesa nacional, quienes compitieron durante el s\u00e1bado y domingo en las dependencias del recinto ol\u00edmpico.<\/p><p>Al respecto, la Presidenta de Fechiteme, Beatriz Campillay, se\u00f1al\u00f3: \u201cEstamos muy felices con la realizaci\u00f3n de la primera Liga Nacional de Para Tenis de Mesa en nuestro pa\u00eds. Seguramente tendremos muchos desaf\u00edos para el pr\u00f3ximo a\u00f1o; sin embargo, debemos comenzar este proceso de menos a m\u00e1s, como parte de un trabajo de mediano plazo. Seguiremos incentivando el desarrollo del deporte paral\u00edmpico a trav\u00e9s de campeonatos nacionales, selectivos y ligas deportivas\u201d.<\/p><p>La Federaci\u00f3n felicita a todos los ganadores y participantes de esta primera edici\u00f3n de la Liga Nacional de Para Tenis de Mesa, destacando su compromiso y esp\u00edritu deportivo.<\/p><div class=\"x14z9mp xat24cr x1lziwak x1vvkbs xtlvy1s x126k92a\"><div dir=\"auto\">Conoce los podios a continuaci\u00f3n:<\/div><\/div><div class=\"x14z9mp xat24cr x1lziwak x1vvkbs xtlvy1s x126k92a\"><div dir=\"auto\">Equipos Deportistas de Pie<\/div><\/div><div class=\"x14z9mp xat24cr x1lziwak x1vvkbs xtlvy1s x126k92a\"><div dir=\"auto\"><span class=\"html-span xexx8yu xyri2b x18d9i69 x1c1uobl x1hl2dhg x16tdsg8 x1vvkbs x3nfvp2 x1j61x8r x1fcty0u xdj266r xat24cr xm2jcoa x1mpyi22 xxymvpz xlup9mm x1kky2od\"><img decoding=\"async\" class=\"xz74otr x15mokao x1ga7v0g x16uus16 xbiv7yw\" src=\"https:\/\/static.xx.fbcdn.net\/images\/emoji.php\/v9\/t94\/1\/16\/1f947.png\" alt=\"\ud83e\udd47\" width=\"16\" height=\"16\" \/><\/span>Chill\u00e1n &#8211; Stgo TDM (Y\u00e9venes\/Bahamondes\/Pino)<\/div><div dir=\"auto\"><span class=\"html-span xexx8yu xyri2b x18d9i69 x1c1uobl x1hl2dhg x16tdsg8 x1vvkbs x3nfvp2 x1j61x8r x1fcty0u xdj266r xat24cr xm2jcoa x1mpyi22 xxymvpz xlup9mm x1kky2od\"><img decoding=\"async\" class=\"xz74otr x15mokao x1ga7v0g x16uus16 xbiv7yw\" src=\"https:\/\/static.xx.fbcdn.net\/images\/emoji.php\/v9\/t15\/1\/16\/1f948.png\" alt=\"\ud83e\udd48\" width=\"16\" height=\"16\" \/><\/span>Para-Normales (Caballero\/Dettoni\/Bero\u00edza)<\/div><div dir=\"auto\"><span class=\"html-span xexx8yu xyri2b x18d9i69 x1c1uobl x1hl2dhg x16tdsg8 x1vvkbs x3nfvp2 x1j61x8r x1fcty0u xdj266r xat24cr xm2jcoa x1mpyi22 xxymvpz xlup9mm x1kky2od\"><img decoding=\"async\" class=\"xz74otr x15mokao x1ga7v0g x16uus16 xbiv7yw\" src=\"https:\/\/static.xx.fbcdn.net\/images\/emoji.php\/v9\/t96\/1\/16\/1f949.png\" alt=\"\ud83e\udd49\" width=\"16\" height=\"16\" \/><\/span>Vipien (Aldana\/Vidal\/Maureira)<\/div><\/div><div class=\"x14z9mp xat24cr x1lziwak x1vvkbs xtlvy1s x126k92a\"><div dir=\"auto\">Deportistas en Silla de Ruedas<\/div><\/div><div class=\"x14z9mp xat24cr x1lziwak x1vvkbs xtlvy1s x126k92a\"><div dir=\"auto\"><span class=\"html-span xexx8yu xyri2b x18d9i69 x1c1uobl x1hl2dhg x16tdsg8 x1vvkbs x3nfvp2 x1j61x8r x1fcty0u xdj266r xat24cr xm2jcoa x1mpyi22 xxymvpz xlup9mm x1kky2od\"><img decoding=\"async\" class=\"xz74otr x15mokao x1ga7v0g x16uus16 xbiv7yw\" src=\"https:\/\/static.xx.fbcdn.net\/images\/emoji.php\/v9\/t94\/1\/16\/1f947.png\" alt=\"\ud83e\udd47\" width=\"16\" height=\"16\" \/><\/span>Club Mutual en Silla (Salinas\/Maldonado)<\/div><div dir=\"auto\"><span class=\"html-span xexx8yu xyri2b x18d9i69 x1c1uobl x1hl2dhg x16tdsg8 x1vvkbs x3nfvp2 x1j61x8r x1fcty0u xdj266r xat24cr xm2jcoa x1mpyi22 xxymvpz xlup9mm x1kky2od\"><img decoding=\"async\" class=\"xz74otr x15mokao x1ga7v0g x16uus16 xbiv7yw\" src=\"https:\/\/static.xx.fbcdn.net\/images\/emoji.php\/v9\/t15\/1\/16\/1f948.png\" alt=\"\ud83e\udd48\" width=\"16\" height=\"16\" \/><\/span>Cojos en Silla (Flores\/Rodr\u00edguez)<\/div><\/div><p><a href=\"https:\/\/www.flickr.com\/photos\/202861364@N07\/with\/54881199707\">Ver fotograf\u00edas<\/a><\/p><p><strong>\u00a1Vamos por m\u00e1s!<\/strong><br \/>\u00a0Juntos, podemos lograr grandes cosas. #TenisDeMesa #Federaci\u00f3nChilenaDeTenisDeMesa#Fechiteme<\/p>\t\t\t\t\t\t\t\t<\/div>\n\t\t\t\t<\/div>\n\t\t\t\t\t<\/div>\n\t\t\t\t<\/div>\n\t\t<div class=\"elementor-element elementor-element-870fe45 e-flex e-con-boxed e-con e-parent\" data-id=\"870fe45\" data-element_type=\"container\">\n\t\t\t\t\t<div class=\"e-con-inner\">\n\t\t\t\t<div class=\"elementor-element elementor-element-badb869 elementor-widget elementor-widget-text-editor\" data-id=\"badb869\" data-element_type=\"widget\" data-widget_type=\"text-editor.default\">\n\t\t\t\t<div class=\"elementor-widget-container\">\n\t\t\t\t\t\t\t\t\t<p><img loading=\"lazy\" decoding=\"async\" class=\"alignnone size-large wp-image-4288\" src=\"https:\/\/fechiteme.cl\/ns\/wp-content\/uploads\/2025\/10\/9-2-1024x683.jpg\" alt=\"\" width=\"640\" height=\"427\" srcset=\"https:\/\/fechiteme.cl\/ns\/wp-content\/uploads\/2025\/10\/9-2-1024x683.jpg 1024w, https:\/\/fechiteme.cl\/ns\/wp-content\/uploads\/2025\/10\/9-2-300x200.jpg 300w, https:\/\/fechiteme.cl\/ns\/wp-content\/uploads\/2025\/10\/9-2-768x512.jpg 768w, https:\/\/fechiteme.cl\/ns\/wp-content\/uploads\/2025\/10\/9-2-1536x1024.jpg 1536w, https:\/\/fechiteme.cl\/ns\/wp-content\/uploads\/2025\/10\/9-2-600x400.jpg 600w, https:\/\/fechiteme.cl\/ns\/wp-content\/uploads\/2025\/10\/9-2.jpg 2048w\" sizes=\"(max-width: 640px) 100vw, 640px\" \/> <img loading=\"lazy\" decoding=\"async\" class=\"alignnone size-large wp-image-4287\" src=\"https:\/\/fechiteme.cl\/ns\/wp-content\/uploads\/2025\/10\/8-3-1024x683.jpg\" alt=\"\" width=\"640\" height=\"427\" srcset=\"https:\/\/fechiteme.cl\/ns\/wp-content\/uploads\/2025\/10\/8-3-1024x683.jpg 1024w, https:\/\/fechiteme.cl\/ns\/wp-content\/uploads\/2025\/10\/8-3-300x200.jpg 300w, https:\/\/fechiteme.cl\/ns\/wp-content\/uploads\/2025\/10\/8-3-768x512.jpg 768w, https:\/\/fechiteme.cl\/ns\/wp-content\/uploads\/2025\/10\/8-3-1536x1024.jpg 1536w, https:\/\/fechiteme.cl\/ns\/wp-content\/uploads\/2025\/10\/8-3-600x400.jpg 600w, https:\/\/fechiteme.cl\/ns\/wp-content\/uploads\/2025\/10\/8-3.jpg 2048w\" sizes=\"(max-width: 640px) 100vw, 640px\" \/> <img loading=\"lazy\" decoding=\"async\" class=\"alignnone size-large wp-image-4286\" src=\"https:\/\/fechiteme.cl\/ns\/wp-content\/uploads\/2025\/10\/7-3-1024x683.jpg\" alt=\"\" width=\"640\" height=\"427\" srcset=\"https:\/\/fechiteme.cl\/ns\/wp-content\/uploads\/2025\/10\/7-3-1024x683.jpg 1024w, https:\/\/fechiteme.cl\/ns\/wp-content\/uploads\/2025\/10\/7-3-300x200.jpg 300w, https:\/\/fechiteme.cl\/ns\/wp-content\/uploads\/2025\/10\/7-3-768x512.jpg 768w, https:\/\/fechiteme.cl\/ns\/wp-content\/uploads\/2025\/10\/7-3-1536x1024.jpg 1536w, https:\/\/fechiteme.cl\/ns\/wp-content\/uploads\/2025\/10\/7-3-600x400.jpg 600w, https:\/\/fechiteme.cl\/ns\/wp-content\/uploads\/2025\/10\/7-3.jpg 2048w\" sizes=\"(max-width: 640px) 100vw, 640px\" \/> <img loading=\"lazy\" decoding=\"async\" class=\"alignnone size-large wp-image-4285\" src=\"https:\/\/fechiteme.cl\/ns\/wp-content\/uploads\/2025\/10\/6-3-1024x683.jpg\" alt=\"\" width=\"640\" height=\"427\" srcset=\"https:\/\/fechiteme.cl\/ns\/wp-content\/uploads\/2025\/10\/6-3-1024x683.jpg 1024w, https:\/\/fechiteme.cl\/ns\/wp-content\/uploads\/2025\/10\/6-3-300x200.jpg 300w, https:\/\/fechiteme.cl\/ns\/wp-content\/uploads\/2025\/10\/6-3-768x512.jpg 768w, https:\/\/fechiteme.cl\/ns\/wp-content\/uploads\/2025\/10\/6-3-1536x1024.jpg 1536w, https:\/\/fechiteme.cl\/ns\/wp-content\/uploads\/2025\/10\/6-3-600x400.jpg 600w, https:\/\/fechiteme.cl\/ns\/wp-content\/uploads\/2025\/10\/6-3.jpg 2048w\" sizes=\"(max-width: 640px) 100vw, 640px\" \/> <img loading=\"lazy\" decoding=\"async\" class=\"alignnone size-large wp-image-4284\" src=\"https:\/\/fechiteme.cl\/ns\/wp-content\/uploads\/2025\/10\/5-3-1024x683.jpg\" alt=\"\" width=\"640\" height=\"427\" srcset=\"https:\/\/fechiteme.cl\/ns\/wp-content\/uploads\/2025\/10\/5-3-1024x683.jpg 1024w, https:\/\/fechiteme.cl\/ns\/wp-content\/uploads\/2025\/10\/5-3-300x200.jpg 300w, https:\/\/fechiteme.cl\/ns\/wp-content\/uploads\/2025\/10\/5-3-768x512.jpg 768w, https:\/\/fechiteme.cl\/ns\/wp-content\/uploads\/2025\/10\/5-3-1536x1024.jpg 1536w, https:\/\/fechiteme.cl\/ns\/wp-content\/uploads\/2025\/10\/5-3-600x400.jpg 600w, https:\/\/fechiteme.cl\/ns\/wp-content\/uploads\/2025\/10\/5-3.jpg 2048w\" sizes=\"(max-width: 640px) 100vw, 640px\" \/> <img loading=\"lazy\" decoding=\"async\" class=\"alignnone size-large wp-image-4283\" src=\"https:\/\/fechiteme.cl\/ns\/wp-content\/uploads\/2025\/10\/4-3-1024x683.jpg\" alt=\"\" width=\"640\" height=\"427\" srcset=\"https:\/\/fechiteme.cl\/ns\/wp-content\/uploads\/2025\/10\/4-3-1024x683.jpg 1024w, https:\/\/fechiteme.cl\/ns\/wp-content\/uploads\/2025\/10\/4-3-300x200.jpg 300w, https:\/\/fechiteme.cl\/ns\/wp-content\/uploads\/2025\/10\/4-3-768x512.jpg 768w, https:\/\/fechiteme.cl\/ns\/wp-content\/uploads\/2025\/10\/4-3-1536x1024.jpg 1536w, https:\/\/fechiteme.cl\/ns\/wp-content\/uploads\/2025\/10\/4-3-600x400.jpg 600w, https:\/\/fechiteme.cl\/ns\/wp-content\/uploads\/2025\/10\/4-3.jpg 2048w\" sizes=\"(max-width: 640px) 100vw, 640px\" \/> <img loading=\"lazy\" decoding=\"async\" class=\"alignnone size-large wp-image-4282\" src=\"https:\/\/fechiteme.cl\/ns\/wp-content\/uploads\/2025\/10\/3-3-1024x683.jpg\" alt=\"\" width=\"640\" height=\"427\" srcset=\"https:\/\/fechiteme.cl\/ns\/wp-content\/uploads\/2025\/10\/3-3-1024x683.jpg 1024w, https:\/\/fechiteme.cl\/ns\/wp-content\/uploads\/2025\/10\/3-3-300x200.jpg 300w, https:\/\/fechiteme.cl\/ns\/wp-content\/uploads\/2025\/10\/3-3-768x512.jpg 768w, https:\/\/fechiteme.cl\/ns\/wp-content\/uploads\/2025\/10\/3-3-1536x1024.jpg 1536w, https:\/\/fechiteme.cl\/ns\/wp-content\/uploads\/2025\/10\/3-3-600x400.jpg 600w, https:\/\/fechiteme.cl\/ns\/wp-content\/uploads\/2025\/10\/3-3.jpg 2048w\" sizes=\"(max-width: 640px) 100vw, 640px\" \/> <img loading=\"lazy\" decoding=\"async\" class=\"alignnone size-large wp-image-4281\" src=\"https:\/\/fechiteme.cl\/ns\/wp-content\/uploads\/2025\/10\/2-3-1024x683.jpg\" alt=\"\" width=\"640\" height=\"427\" srcset=\"https:\/\/fechiteme.cl\/ns\/wp-content\/uploads\/2025\/10\/2-3-1024x683.jpg 1024w, https:\/\/fechiteme.cl\/ns\/wp-content\/uploads\/2025\/10\/2-3-300x200.jpg 300w, https:\/\/fechiteme.cl\/ns\/wp-content\/uploads\/2025\/10\/2-3-768x512.jpg 768w, https:\/\/fechiteme.cl\/ns\/wp-content\/uploads\/2025\/10\/2-3-1536x1024.jpg 1536w, https:\/\/fechiteme.cl\/ns\/wp-content\/uploads\/2025\/10\/2-3-600x400.jpg 600w, https:\/\/fechiteme.cl\/ns\/wp-content\/uploads\/2025\/10\/2-3.jpg 2048w\" sizes=\"(max-width: 640px) 100vw, 640px\" \/> <img loading=\"lazy\" decoding=\"async\" class=\"alignnone size-large wp-image-4280\" src=\"https:\/\/fechiteme.cl\/ns\/wp-content\/uploads\/2025\/10\/1-2-1024x683.jpg\" alt=\"\" width=\"640\" height=\"427\" srcset=\"https:\/\/fechiteme.cl\/ns\/wp-content\/uploads\/2025\/10\/1-2-1024x683.jpg 1024w, https:\/\/fechiteme.cl\/ns\/wp-content\/uploads\/2025\/10\/1-2-300x200.jpg 300w, https:\/\/fechiteme.cl\/ns\/wp-content\/uploads\/2025\/10\/1-2-768x512.jpg 768w, https:\/\/fechiteme.cl\/ns\/wp-content\/uploads\/2025\/10\/1-2-1536x1024.jpg 1536w, https:\/\/fechiteme.cl\/ns\/wp-content\/uploads\/2025\/10\/1-2-600x400.jpg 600w, https:\/\/fechiteme.cl\/ns\/wp-content\/uploads\/2025\/10\/1-2.jpg 2048w\" sizes=\"(max-width: 640px) 100vw, 640px\" \/><\/p>\t\t\t\t\t\t\t\t<\/div>\n\t\t\t\t<\/div>\n\t\t\t\t\t<\/div>\n\t\t\t\t<\/div>\n\t\t\t\t<\/div>\n\t\t","protected":false},"excerpt":{"rendered":"<p>Santiago, 26 de Octubre de 2025. En el Centro de Entrenamiento Ol\u00edmpico (CEO) se desarroll\u00f3 la Liga Nacional de Para Tenis de Mesa, organizada por la Federaci\u00f3n Chilena de Tenis de Mesa (Fechiteme). En la oportunidad, se dieron cita los m\u00e1s destacados deportistas del Para Tenis de Mesa nacional, quienes compitieron durante el s\u00e1bado y&#8230;<\/p>\n","protected":false},"author":1,"featured_media":4287,"comment_status":"closed","ping_status":"closed","sticky":false,"template":"","format":"standard","meta":{"footnotes":""},"categories":[1,32],"tags":[],"class_list":["post-4279","post","type-post","status-publish","format-standard","has-post-thumbnail","hentry","category-ligas-nacionales","category-para-tenis-de-mesa"],"_links":{"self":[{"href":"https:\/\/fechiteme.cl\/ns\/wp-json\/wp\/v2\/posts\/4279","targetHints":{"allow":["GET"]}}],"collection":[{"href":"https:\/\/fechiteme.cl\/ns\/wp-json\/wp\/v2\/posts"}],"about":[{"href":"https:\/\/fechiteme.cl\/ns\/wp-json\/wp\/v2\/types\/post"}],"author":[{"embeddable":true,"href":"https:\/\/fechiteme.cl\/ns\/wp-json\/wp\/v2\/users\/1"}],"replies":[{"embeddable":true,"href":"https:\/\/fechiteme.cl\/ns\/wp-json\/wp\/v2\/comments?post=4279"}],"version-history":[{"count":6,"href":"https:\/\/fechiteme.cl\/ns\/wp-json\/wp\/v2\/posts\/4279\/revisions"}],"predecessor-version":[{"id":4294,"href":"https:\/\/fechiteme.cl\/ns\/wp-json\/wp\/v2\/posts\/4279\/revisions\/4294"}],"wp:featuredmedia":[{"embeddable":true,"href":"https:\/\/fechiteme.cl\/ns\/wp-json\/wp\/v2\/media\/4287"}],"wp:attachment":[{"href":"https:\/\/fechiteme.cl\/ns\/wp-json\/wp\/v2\/media?parent=4279"}],"wp:term":[{"taxonomy":"category","embeddable":true,"href":"https:\/\/fechiteme.cl\/ns\/wp-json\/wp\/v2\/categories?post=4279"},{"taxonomy":"post_tag","embeddable":true,"href":"https:\/\/fechiteme.cl\/ns\/wp-json\/wp\/v2\/tags?post=4279"}],"curies":[{"name":"wp","href":"https:\/\/api.w.org\/{rel}","templated":true}]}}