{"id":4395,"date":"2025-10-31T13:41:41","date_gmt":"2025-10-31T13:41:41","guid":{"rendered":"https:\/\/fechiteme.cl\/ns\/?p=4395"},"modified":"2025-10-31T13:44:24","modified_gmt":"2025-10-31T13:44:24","slug":"comenzo-nacional-de-dobles-u19-en-el-ceo","status":"publish","type":"post","link":"https:\/\/fechiteme.cl\/ns\/2025\/10\/31\/comenzo-nacional-de-dobles-u19-en-el-ceo\/","title":{"rendered":"\u00a1COMENZ\u00d3 NACIONAL DE DOBLES U19 EN EL CEO!"},"content":{"rendered":"\t\t<div data-elementor-type=\"wp-post\" data-elementor-id=\"4395\" class=\"elementor elementor-4395\" data-elementor-post-type=\"post\">\n\t\t\t\t<div class=\"elementor-element elementor-element-be328be e-flex e-con-boxed e-con e-parent\" data-id=\"be328be\" data-element_type=\"container\">\n\t\t\t\t\t<div class=\"e-con-inner\">\n\t\t\t\t<div class=\"elementor-element elementor-element-4fb542f elementor-widget elementor-widget-text-editor\" data-id=\"4fb542f\" data-element_type=\"widget\" data-widget_type=\"text-editor.default\">\n\t\t\t\t<div class=\"elementor-widget-container\">\n\t\t\t\t\t\t\t\t\t<p><strong>\u00a1COMENZ\u00d3 NACIONAL DE DOBLES U19 EN EL CEO!<br \/><\/strong><br \/><strong>Santiago, 31 de octubre de 2025. <\/strong>En el Centro de Entrenamiento Ol\u00edmpico (CEO) se dio inicio el Campeonato Nacional de Dobles U19, evento que re\u00fane a los deportistas m\u00e1s destacados del pa\u00eds, quienes obtuvieron su clasificaci\u00f3n tras el proceso clasificatorio \u00a0nacional desarrollado en San Joaqu\u00edn.<\/p><p>Durante tres d\u00edas, el CEO ser\u00e1 el epicentro del mejor tenis de mesa nacional, congregando a j\u00f3venes talentos en las distintas categor\u00edas convocadas.<\/p><p><strong>Programaci\u00f3n:<\/strong><br \/>Viernes 31 de octubre: Campeonato Nacional de Dobles U19<br \/>S\u00e1bado 1 de noviembre: Campeonato Nacional Individual U15<br \/>Domingo 2 de noviembre: Campeonato Nacional Individual U19<\/p><p>M\u00e1s informaci\u00f3n del evento en <a href=\"https:\/\/fechiteme.cl\/ns\/2025\/10\/03\/campeonato-nacional-u15-u19-y-nacional-dobles-u19\/\">https:\/\/fechiteme.cl\/ns\/2025\/10\/03\/campeonato-nacional-u15-u19-y-nacional-dobles-u19\/<\/a><\/p><p><strong>\u00a1Vamos por m\u00e1s!<\/strong><br \/>\u00a0Juntos, podemos lograr grandes cosas. #TenisDeMesa #Federaci\u00f3nChilenaDeTenisDeMesa#Fechiteme<\/p>\t\t\t\t\t\t\t\t<\/div>\n\t\t\t\t<\/div>\n\t\t\t\t\t<\/div>\n\t\t\t\t<\/div>\n\t\t<div class=\"elementor-element elementor-element-5e5466d e-flex e-con-boxed e-con e-parent\" data-id=\"5e5466d\" data-element_type=\"container\">\n\t\t\t\t\t<div class=\"e-con-inner\">\n\t\t\t\t<div class=\"elementor-element elementor-element-be2617c elementor-widget elementor-widget-image\" data-id=\"be2617c\" data-element_type=\"widget\" data-widget_type=\"image.default\">\n\t\t\t\t<div class=\"elementor-widget-container\">\n\t\t\t\t\t\t\t\t\t\t\t\t\t\t\t<img fetchpriority=\"high\" decoding=\"async\" width=\"640\" height=\"246\" src=\"https:\/\/fechiteme.cl\/ns\/wp-content\/uploads\/2025\/10\/NACIONAL_DOBLES_01-e1761918222549-1024x394.jpg\" class=\"attachment-large size-large wp-image-4396\" alt=\"\" srcset=\"https:\/\/fechiteme.cl\/ns\/wp-content\/uploads\/2025\/10\/NACIONAL_DOBLES_01-e1761918222549-1024x394.jpg 1024w, https:\/\/fechiteme.cl\/ns\/wp-content\/uploads\/2025\/10\/NACIONAL_DOBLES_01-e1761918222549-300x116.jpg 300w, https:\/\/fechiteme.cl\/ns\/wp-content\/uploads\/2025\/10\/NACIONAL_DOBLES_01-e1761918222549-768x296.jpg 768w, https:\/\/fechiteme.cl\/ns\/wp-content\/uploads\/2025\/10\/NACIONAL_DOBLES_01-e1761918222549-1536x591.jpg 1536w, https:\/\/fechiteme.cl\/ns\/wp-content\/uploads\/2025\/10\/NACIONAL_DOBLES_01-e1761918222549.jpg 1600w\" sizes=\"(max-width: 640px) 100vw, 640px\" \/>\t\t\t\t\t\t\t\t\t\t\t\t\t\t\t<\/div>\n\t\t\t\t<\/div>\n\t\t\t\t\t<\/div>\n\t\t\t\t<\/div>\n\t\t\t\t<\/div>\n\t\t","protected":false},"excerpt":{"rendered":"<p>\u00a1COMENZ\u00d3 NACIONAL DE DOBLES U19 EN EL CEO!Santiago, 31 de octubre de 2025. En el Centro de Entrenamiento Ol\u00edmpico (CEO) se dio inicio el Campeonato Nacional de Dobles U19, evento que re\u00fane a los deportistas m\u00e1s destacados del pa\u00eds, quienes obtuvieron su clasificaci\u00f3n tras el proceso clasificatorio \u00a0nacional desarrollado en San Joaqu\u00edn. Durante tres d\u00edas,&#8230;<\/p>\n","protected":false},"author":1,"featured_media":4397,"comment_status":"closed","ping_status":"closed","sticky":false,"template":"","format":"standard","meta":{"footnotes":""},"categories":[45,2],"tags":[],"class_list":["post-4395","post","type-post","status-publish","format-standard","has-post-thumbnail","hentry","category-campeonato-nacionales","category-noticias"],"_links":{"self":[{"href":"https:\/\/fechiteme.cl\/ns\/wp-json\/wp\/v2\/posts\/4395","targetHints":{"allow":["GET"]}}],"collection":[{"href":"https:\/\/fechiteme.cl\/ns\/wp-json\/wp\/v2\/posts"}],"about":[{"href":"https:\/\/fechiteme.cl\/ns\/wp-json\/wp\/v2\/types\/post"}],"author":[{"embeddable":true,"href":"https:\/\/fechiteme.cl\/ns\/wp-json\/wp\/v2\/users\/1"}],"replies":[{"embeddable":true,"href":"https:\/\/fechiteme.cl\/ns\/wp-json\/wp\/v2\/comments?post=4395"}],"version-history":[{"count":3,"href":"https:\/\/fechiteme.cl\/ns\/wp-json\/wp\/v2\/posts\/4395\/revisions"}],"predecessor-version":[{"id":4400,"href":"https:\/\/fechiteme.cl\/ns\/wp-json\/wp\/v2\/posts\/4395\/revisions\/4400"}],"wp:featuredmedia":[{"embeddable":true,"href":"https:\/\/fechiteme.cl\/ns\/wp-json\/wp\/v2\/media\/4397"}],"wp:attachment":[{"href":"https:\/\/fechiteme.cl\/ns\/wp-json\/wp\/v2\/media?parent=4395"}],"wp:term":[{"taxonomy":"category","embeddable":true,"href":"https:\/\/fechiteme.cl\/ns\/wp-json\/wp\/v2\/categories?post=4395"},{"taxonomy":"post_tag","embeddable":true,"href":"https:\/\/fechiteme.cl\/ns\/wp-json\/wp\/v2\/tags?post=4395"}],"curies":[{"name":"wp","href":"https:\/\/api.w.org\/{rel}","templated":true}]}}