{"id":4841,"date":"2025-11-27T15:42:14","date_gmt":"2025-11-27T15:42:14","guid":{"rendered":"https:\/\/fechiteme.cl\/ns\/?p=4841"},"modified":"2025-11-27T15:57:36","modified_gmt":"2025-11-27T15:57:36","slug":"seleccion-nacional-viaja-a-los-juegos-bolivarianos","status":"publish","type":"post","link":"https:\/\/fechiteme.cl\/ns\/2025\/11\/27\/seleccion-nacional-viaja-a-los-juegos-bolivarianos\/","title":{"rendered":"\u00a1SELECCI\u00d3N NACIONAL VIAJA A LOS JUEGOS BOLIVARIANOS!"},"content":{"rendered":"\t\t<div data-elementor-type=\"wp-post\" data-elementor-id=\"4841\" class=\"elementor elementor-4841\" data-elementor-post-type=\"post\">\n\t\t\t\t<div class=\"elementor-element elementor-element-46bc424 e-flex e-con-boxed e-con e-parent\" data-id=\"46bc424\" data-element_type=\"container\">\n\t\t\t\t\t<div class=\"e-con-inner\">\n\t\t\t\t<div class=\"elementor-element elementor-element-171f06e elementor-widget elementor-widget-text-editor\" data-id=\"171f06e\" data-element_type=\"widget\" data-widget_type=\"text-editor.default\">\n\t\t\t\t<div class=\"elementor-widget-container\">\n\t\t\t\t\t\t\t\t\t<p><strong>\u00a1SELECCI\u00d3N NACIONAL VIAJA A LOS JUEGOS BOLIVARIANOS!<\/strong><\/p><p><strong>Santiago, 27 de noviembre de 2025. <\/strong>Este viernes por la ma\u00f1ana, viaja la selecci\u00f3n nacional adulta rumbo a los Juegos Bolivariano, en la b\u00fasqueda de participaci\u00f3n en unos de los eventos m\u00e1s importante de fin de a\u00f1o en el cono sur.<\/p><p><strong>Delegaci\u00f3n Chilena en los Juegos. <\/strong><br \/><strong>Damas:<\/strong> Tania Zeng, Judith Morales, Sofia Vega <br \/><strong>Varones:<\/strong> Felipe Olivares, Jorge Paredes, \u00c1lvaro Fuentes <br \/><strong>Entrenadores:<\/strong> Marcos N\u00fa\u00f1ez \u2013 Marcelo Fern\u00e1ndez<\/p><p><strong>\u00bfQue son los Juegos Bolivarianos? <\/strong><\/p><p>La Organizaci\u00f3n Deportiva Bolivariana (ODEBO) es un ente que une deportivamente a los pa\u00edses bolivarianos. A su vez, es parte de la Organizaci\u00f3n Deportiva Panamericana (Panam Sports), filial del Comit\u00e9 Ol\u00edmpico Internacional. Creada el 16 de agosto de 1938, re\u00fane a los comit\u00e9s ol\u00edmpicos nacionales de Bolivia, Chile, Colombia, Ecuador, Panam\u00e1, Per\u00fa y Venezuela. Su emblema oficial es la imagen de un c\u00f3ndor que representa la libertad y es s\u00edmbolo nacional en los pa\u00edses de la regi\u00f3n bolivariana.<br \/>En sus 86\u00a0a\u00f1os de fundaci\u00f3n, la organizaci\u00f3n ha realizado un total de 19 Juegos Bolivarianos, los que re\u00fanen a los pa\u00edses afiliados cada cuatro a\u00f1os y dan inicio al ciclo ol\u00edmpico en la regi\u00f3n.<\/p><p>Todo el \u00e9xito para la selecci\u00f3n nacional que comienza su viaja a LIMA &#8211; Per\u00fa<\/p><p><strong>\u00a1Vamos por m\u00e1s!<\/strong><br \/>\u00a0Juntos, podemos lograr grandes cosas. #TenisDeMesa #Federaci\u00f3nChilenaDeTenisDeMesa#Fechiteme<\/p><p>\u00a0<\/p>\t\t\t\t\t\t\t\t<\/div>\n\t\t\t\t<\/div>\n\t\t\t\t\t<\/div>\n\t\t\t\t<\/div>\n\t\t<div class=\"elementor-element elementor-element-d54e79c e-flex e-con-boxed e-con e-parent\" data-id=\"d54e79c\" data-element_type=\"container\">\n\t\t\t\t\t<div class=\"e-con-inner\">\n\t\t\t\t<div class=\"elementor-element elementor-element-0e8c86e elementor-widget elementor-widget-image\" data-id=\"0e8c86e\" data-element_type=\"widget\" data-widget_type=\"image.default\">\n\t\t\t\t<div class=\"elementor-widget-container\">\n\t\t\t\t\t\t\t\t\t\t\t\t\t\t\t<img fetchpriority=\"high\" decoding=\"async\" width=\"640\" height=\"800\" src=\"https:\/\/fechiteme.cl\/ns\/wp-content\/uploads\/2025\/11\/1-819x1024.png\" class=\"attachment-large size-large wp-image-4842\" alt=\"\" srcset=\"https:\/\/fechiteme.cl\/ns\/wp-content\/uploads\/2025\/11\/1-819x1024.png 819w, https:\/\/fechiteme.cl\/ns\/wp-content\/uploads\/2025\/11\/1-240x300.png 240w, https:\/\/fechiteme.cl\/ns\/wp-content\/uploads\/2025\/11\/1-768x960.png 768w, https:\/\/fechiteme.cl\/ns\/wp-content\/uploads\/2025\/11\/1.png 1080w\" sizes=\"(max-width: 640px) 100vw, 640px\" \/>\t\t\t\t\t\t\t\t\t\t\t\t\t\t\t<\/div>\n\t\t\t\t<\/div>\n\t\t\t\t<div class=\"elementor-element elementor-element-f9e4d4a elementor-widget elementor-widget-image\" data-id=\"f9e4d4a\" data-element_type=\"widget\" data-widget_type=\"image.default\">\n\t\t\t\t<div class=\"elementor-widget-container\">\n\t\t\t\t\t\t\t\t\t\t\t\t\t\t\t<img decoding=\"async\" width=\"640\" height=\"800\" src=\"https:\/\/fechiteme.cl\/ns\/wp-content\/uploads\/2025\/11\/2-819x1024.png\" class=\"attachment-large size-large wp-image-4843\" alt=\"\" srcset=\"https:\/\/fechiteme.cl\/ns\/wp-content\/uploads\/2025\/11\/2-819x1024.png 819w, https:\/\/fechiteme.cl\/ns\/wp-content\/uploads\/2025\/11\/2-240x300.png 240w, https:\/\/fechiteme.cl\/ns\/wp-content\/uploads\/2025\/11\/2-768x960.png 768w, https:\/\/fechiteme.cl\/ns\/wp-content\/uploads\/2025\/11\/2.png 1080w\" sizes=\"(max-width: 640px) 100vw, 640px\" \/>\t\t\t\t\t\t\t\t\t\t\t\t\t\t\t<\/div>\n\t\t\t\t<\/div>\n\t\t\t\t\t<\/div>\n\t\t\t\t<\/div>\n\t\t\t\t<\/div>\n\t\t","protected":false},"excerpt":{"rendered":"<p>\u00a1SELECCI\u00d3N NACIONAL VIAJA A LOS JUEGOS BOLIVARIANOS! Santiago, 27 de noviembre de 2025. Este viernes por la ma\u00f1ana, viaja la selecci\u00f3n nacional adulta rumbo a los Juegos Bolivariano, en la b\u00fasqueda de participaci\u00f3n en unos de los eventos m\u00e1s importante de fin de a\u00f1o en el cono sur. Delegaci\u00f3n Chilena en los Juegos. Damas: Tania&#8230;<\/p>\n","protected":false},"author":1,"featured_media":4843,"comment_status":"closed","ping_status":"closed","sticky":false,"template":"","format":"standard","meta":{"footnotes":""},"categories":[43],"tags":[],"class_list":["post-4841","post","type-post","status-publish","format-standard","has-post-thumbnail","hentry","category-sudamericano-panamericanos"],"_links":{"self":[{"href":"https:\/\/fechiteme.cl\/ns\/wp-json\/wp\/v2\/posts\/4841","targetHints":{"allow":["GET"]}}],"collection":[{"href":"https:\/\/fechiteme.cl\/ns\/wp-json\/wp\/v2\/posts"}],"about":[{"href":"https:\/\/fechiteme.cl\/ns\/wp-json\/wp\/v2\/types\/post"}],"author":[{"embeddable":true,"href":"https:\/\/fechiteme.cl\/ns\/wp-json\/wp\/v2\/users\/1"}],"replies":[{"embeddable":true,"href":"https:\/\/fechiteme.cl\/ns\/wp-json\/wp\/v2\/comments?post=4841"}],"version-history":[{"count":6,"href":"https:\/\/fechiteme.cl\/ns\/wp-json\/wp\/v2\/posts\/4841\/revisions"}],"predecessor-version":[{"id":4849,"href":"https:\/\/fechiteme.cl\/ns\/wp-json\/wp\/v2\/posts\/4841\/revisions\/4849"}],"wp:featuredmedia":[{"embeddable":true,"href":"https:\/\/fechiteme.cl\/ns\/wp-json\/wp\/v2\/media\/4843"}],"wp:attachment":[{"href":"https:\/\/fechiteme.cl\/ns\/wp-json\/wp\/v2\/media?parent=4841"}],"wp:term":[{"taxonomy":"category","embeddable":true,"href":"https:\/\/fechiteme.cl\/ns\/wp-json\/wp\/v2\/categories?post=4841"},{"taxonomy":"post_tag","embeddable":true,"href":"https:\/\/fechiteme.cl\/ns\/wp-json\/wp\/v2\/tags?post=4841"}],"curies":[{"name":"wp","href":"https:\/\/api.w.org\/{rel}","templated":true}]}}