{"id":4969,"date":"2025-12-05T16:17:35","date_gmt":"2025-12-05T16:17:35","guid":{"rendered":"https:\/\/fechiteme.cl\/ns\/?p=4969"},"modified":"2025-12-05T16:33:55","modified_gmt":"2025-12-05T16:33:55","slug":"chilena-medalla-de-plata-en-los-juegos-bolivarianos","status":"publish","type":"post","link":"https:\/\/fechiteme.cl\/ns\/2025\/12\/05\/chilena-medalla-de-plata-en-los-juegos-bolivarianos\/","title":{"rendered":"\u00a1CHILENA MEDALLA DE PLATA EN LOS JUEGOS BOLIVARIANOS!"},"content":{"rendered":"\t\t<div data-elementor-type=\"wp-post\" data-elementor-id=\"4969\" class=\"elementor elementor-4969\" data-elementor-post-type=\"post\">\n\t\t\t\t<div class=\"elementor-element elementor-element-2420c3e e-flex e-con-boxed e-con e-parent\" data-id=\"2420c3e\" data-element_type=\"container\">\n\t\t\t\t\t<div class=\"e-con-inner\">\n\t\t\t\t<div class=\"elementor-element elementor-element-20f78a8 elementor-widget elementor-widget-text-editor\" data-id=\"20f78a8\" data-element_type=\"widget\" data-widget_type=\"text-editor.default\">\n\t\t\t\t<div class=\"elementor-widget-container\">\n\t\t\t\t\t\t\t\t\t<p><strong>\u00a1CHILENAS MEDALLA DE PLATA EN LOS JUEGOS BOLIVARIANOS!<\/strong><\/p><p><strong>Santiago, 05 de diciembre de 2025. <\/strong>comenz\u00f3 las finales de los Juegos Bolivarianos, donde Chile estar\u00e1 presente en 03 de las 05 finales disponible en el \u00faltimo d\u00eda de los Juegos Bolivarianos 2025<\/p><p><strong>Dobles Damas<\/strong><br \/>Las chilenas <strong>Judith Morales y Sof\u00eda Vega<\/strong> se quedan con la medalla de Plata, tras ser superada por la representa de Colombia por 3-1<\/p><p><strong>Programaci\u00f3n de finales<\/strong> <br \/>12:00 (Chile): Dobles Damas (Sofia Vega\/Judith Morales)<br \/>13:30 (Chile): Dobles Mixtos (\u00c1lvaro Fuentes \/ Sofia Vega\u00a0 v\/s Jorge Paredes \/ Tania Zeng<br \/>17:00 (Chile) Single Damas Tania Zeng<\/p><p>Ver partidos en vivo y en directo: <a href=\"https:\/\/www.youtube.com\/live\/_xpWEHezKpg\">https:\/\/www.youtube.com\/live\/_xpWEHezKpg<\/a><\/p><p>Ver resultados: \u00a0<a href=\"https:\/\/www.bolivarianos2025.pe\/deporte\/esquema\/1\/equipo\/7300\/deporte\/171\">https:\/\/www.bolivarianos2025.pe\/deporte\/esquema\/1\/equipo\/7300\/deporte\/171<\/a><\/p><p>Link de la informaci\u00f3n de fotograf\u00edas: <a href=\"https:\/\/flic.kr\/s\/aHBqjCCseP\">https:\/\/flic.kr\/s\/aHBqjCCseP<\/a><\/p><p><strong><u>Delegaci\u00f3n Chilena:<\/u><\/strong> <br \/><strong>Damas:<\/strong> Judith Morales, Tania Zeng, Sofia Vega<br \/><strong>Varones:<\/strong> Felipe Olivares, Jorge Paredes, \u00c1lvaro Fuentes. <br \/><strong>T\u00e9cnicos:<\/strong> Marcos N\u00fa\u00f1ez- Marcelo Fern\u00e1ndez<\/p><p><strong>\u00a1Vamos por m\u00e1s!<\/strong><br \/>\u00a0Juntos, podemos lograr grandes cosas. #TenisDeMesa #Federaci\u00f3nChilenaDeTenisDeMesa#Fechiteme<\/p>\t\t\t\t\t\t\t\t<\/div>\n\t\t\t\t<\/div>\n\t\t\t\t\t<\/div>\n\t\t\t\t<\/div>\n\t\t<div class=\"elementor-element elementor-element-0a5236d e-flex e-con-boxed e-con e-parent\" data-id=\"0a5236d\" data-element_type=\"container\">\n\t\t\t\t\t<div class=\"e-con-inner\">\n\t\t\t\t<div class=\"elementor-element elementor-element-841046f elementor-widget elementor-widget-image\" data-id=\"841046f\" data-element_type=\"widget\" data-widget_type=\"image.default\">\n\t\t\t\t<div class=\"elementor-widget-container\">\n\t\t\t\t\t\t\t\t\t\t\t\t\t\t\t<img fetchpriority=\"high\" decoding=\"async\" width=\"640\" height=\"800\" src=\"https:\/\/fechiteme.cl\/ns\/wp-content\/uploads\/2025\/12\/1-2-819x1024.png\" class=\"attachment-large size-large wp-image-4970\" alt=\"\" srcset=\"https:\/\/fechiteme.cl\/ns\/wp-content\/uploads\/2025\/12\/1-2-819x1024.png 819w, https:\/\/fechiteme.cl\/ns\/wp-content\/uploads\/2025\/12\/1-2-240x300.png 240w, https:\/\/fechiteme.cl\/ns\/wp-content\/uploads\/2025\/12\/1-2-768x960.png 768w, https:\/\/fechiteme.cl\/ns\/wp-content\/uploads\/2025\/12\/1-2.png 1080w\" sizes=\"(max-width: 640px) 100vw, 640px\" \/>\t\t\t\t\t\t\t\t\t\t\t\t\t\t\t<\/div>\n\t\t\t\t<\/div>\n\t\t\t\t<div class=\"elementor-element elementor-element-b337d8a elementor-widget elementor-widget-image\" data-id=\"b337d8a\" data-element_type=\"widget\" data-widget_type=\"image.default\">\n\t\t\t\t<div class=\"elementor-widget-container\">\n\t\t\t\t\t\t\t\t\t\t\t\t\t\t\t<img decoding=\"async\" width=\"640\" height=\"800\" src=\"https:\/\/fechiteme.cl\/ns\/wp-content\/uploads\/2025\/12\/2-2-819x1024.png\" class=\"attachment-large size-large wp-image-4971\" alt=\"\" srcset=\"https:\/\/fechiteme.cl\/ns\/wp-content\/uploads\/2025\/12\/2-2-819x1024.png 819w, https:\/\/fechiteme.cl\/ns\/wp-content\/uploads\/2025\/12\/2-2-240x300.png 240w, https:\/\/fechiteme.cl\/ns\/wp-content\/uploads\/2025\/12\/2-2-768x960.png 768w, https:\/\/fechiteme.cl\/ns\/wp-content\/uploads\/2025\/12\/2-2.png 1080w\" sizes=\"(max-width: 640px) 100vw, 640px\" \/>\t\t\t\t\t\t\t\t\t\t\t\t\t\t\t<\/div>\n\t\t\t\t<\/div>\n\t\t\t\t\t<\/div>\n\t\t\t\t<\/div>\n\t\t\t\t<\/div>\n\t\t","protected":false},"excerpt":{"rendered":"<p>\u00a1CHILENAS MEDALLA DE PLATA EN LOS JUEGOS BOLIVARIANOS! Santiago, 05 de diciembre de 2025. comenz\u00f3 las finales de los Juegos Bolivarianos, donde Chile estar\u00e1 presente en 03 de las 05 finales disponible en el \u00faltimo d\u00eda de los Juegos Bolivarianos 2025 Dobles DamasLas chilenas Judith Morales y Sof\u00eda Vega se quedan con la medalla de&#8230;<\/p>\n","protected":false},"author":1,"featured_media":4971,"comment_status":"closed","ping_status":"closed","sticky":false,"template":"","format":"standard","meta":{"footnotes":""},"categories":[2,43],"tags":[],"class_list":["post-4969","post","type-post","status-publish","format-standard","has-post-thumbnail","hentry","category-noticias","category-sudamericano-panamericanos"],"_links":{"self":[{"href":"https:\/\/fechiteme.cl\/ns\/wp-json\/wp\/v2\/posts\/4969","targetHints":{"allow":["GET"]}}],"collection":[{"href":"https:\/\/fechiteme.cl\/ns\/wp-json\/wp\/v2\/posts"}],"about":[{"href":"https:\/\/fechiteme.cl\/ns\/wp-json\/wp\/v2\/types\/post"}],"author":[{"embeddable":true,"href":"https:\/\/fechiteme.cl\/ns\/wp-json\/wp\/v2\/users\/1"}],"replies":[{"embeddable":true,"href":"https:\/\/fechiteme.cl\/ns\/wp-json\/wp\/v2\/comments?post=4969"}],"version-history":[{"count":6,"href":"https:\/\/fechiteme.cl\/ns\/wp-json\/wp\/v2\/posts\/4969\/revisions"}],"predecessor-version":[{"id":4977,"href":"https:\/\/fechiteme.cl\/ns\/wp-json\/wp\/v2\/posts\/4969\/revisions\/4977"}],"wp:featuredmedia":[{"embeddable":true,"href":"https:\/\/fechiteme.cl\/ns\/wp-json\/wp\/v2\/media\/4971"}],"wp:attachment":[{"href":"https:\/\/fechiteme.cl\/ns\/wp-json\/wp\/v2\/media?parent=4969"}],"wp:term":[{"taxonomy":"category","embeddable":true,"href":"https:\/\/fechiteme.cl\/ns\/wp-json\/wp\/v2\/categories?post=4969"},{"taxonomy":"post_tag","embeddable":true,"href":"https:\/\/fechiteme.cl\/ns\/wp-json\/wp\/v2\/tags?post=4969"}],"curies":[{"name":"wp","href":"https:\/\/api.w.org\/{rel}","templated":true}]}}