{"id":5007,"date":"2025-12-06T21:20:06","date_gmt":"2025-12-06T21:20:06","guid":{"rendered":"https:\/\/fechiteme.cl\/ns\/?p=5007"},"modified":"2025-12-06T21:21:25","modified_gmt":"2025-12-06T21:21:25","slug":"comenzo-la-final-de-la-lntm-t-c-2025","status":"publish","type":"post","link":"https:\/\/fechiteme.cl\/ns\/2025\/12\/06\/comenzo-la-final-de-la-lntm-t-c-2025\/","title":{"rendered":"\u00a1COMENZ\u00d3 LA FINAL DE LA LNTM T\/C 2025!"},"content":{"rendered":"\t\t<div data-elementor-type=\"wp-post\" data-elementor-id=\"5007\" class=\"elementor elementor-5007\" data-elementor-post-type=\"post\">\n\t\t\t\t<div class=\"elementor-element elementor-element-b1e7ef7 e-flex e-con-boxed e-con e-parent\" data-id=\"b1e7ef7\" data-element_type=\"container\">\n\t\t\t\t\t<div class=\"e-con-inner\">\n\t\t\t\t<div class=\"elementor-element elementor-element-8a1b5a2 elementor-widget elementor-widget-text-editor\" data-id=\"8a1b5a2\" data-element_type=\"widget\" data-widget_type=\"text-editor.default\">\n\t\t\t\t<div class=\"elementor-widget-container\">\n\t\t\t\t\t\t\t\t\t<p><strong>\u00a0<\/strong><strong>\u00a1COMENZ\u00d3 LA FINAL DE LA LNTM T\/C 2025!<\/strong><\/p><p><strong>Santiago, 06 de diciembre de 2025. <\/strong>Este s\u00e1bado en el Centro de Entrenamiento Ol\u00edmpico CEO, comenz\u00f3 la final de la LNTM de Mayores 2025. En las que destaca la presencia de equipos de regiones, despu\u00e9s de clasificaci\u00f3n zonal durante todo el a\u00f1o 2025.<\/p><p>16 equipos ser\u00e1n parte de la \u00faltima fecha nacional, que dilucidar\u00e1 este domingo siete de diciembre a los campeones de la Liga Nacional de Tenis de Mesa 2025.<\/p><p>Link de transmisi\u00f3n:\u00a0 <a href=\"https:\/\/web.facebook.com\/share\/v\/17tcQEewZG\/\">https:\/\/web.facebook.com\/share\/v\/17tcQEewZG\/<\/a><\/p><p>Link de la informaci\u00f3n de fotograf\u00edas: <a href=\"https:\/\/www.flickr.com\/photos\/202861364@N07\/\">https:\/\/www.flickr.com\/photos\/202861364@N07\/<\/a><\/p><p><strong>\u00a1Vamos por m\u00e1s!<\/strong><br \/>\u00a0Juntos, podemos lograr grandes cosas. #TenisDeMesa #Federaci\u00f3nChilenaDeTenisDeMesa#Fechiteme<\/p>\t\t\t\t\t\t\t\t<\/div>\n\t\t\t\t<\/div>\n\t\t\t\t\t<\/div>\n\t\t\t\t<\/div>\n\t\t<div class=\"elementor-element elementor-element-9adca44 e-flex e-con-boxed e-con e-parent\" data-id=\"9adca44\" data-element_type=\"container\">\n\t\t\t\t\t<div class=\"e-con-inner\">\n\t\t\t\t<div class=\"elementor-element elementor-element-0501678 elementor-widget elementor-widget-image\" data-id=\"0501678\" data-element_type=\"widget\" data-widget_type=\"image.default\">\n\t\t\t\t<div class=\"elementor-widget-container\">\n\t\t\t\t\t\t\t\t\t\t\t\t\t\t\t<img fetchpriority=\"high\" decoding=\"async\" width=\"640\" height=\"428\" src=\"https:\/\/fechiteme.cl\/ns\/wp-content\/uploads\/2025\/12\/4-1024x684.jpg\" class=\"attachment-large size-large wp-image-5010\" alt=\"\" srcset=\"https:\/\/fechiteme.cl\/ns\/wp-content\/uploads\/2025\/12\/4-1024x684.jpg 1024w, https:\/\/fechiteme.cl\/ns\/wp-content\/uploads\/2025\/12\/4-300x200.jpg 300w, https:\/\/fechiteme.cl\/ns\/wp-content\/uploads\/2025\/12\/4-768x513.jpg 768w, https:\/\/fechiteme.cl\/ns\/wp-content\/uploads\/2025\/12\/4-1536x1027.jpg 1536w, https:\/\/fechiteme.cl\/ns\/wp-content\/uploads\/2025\/12\/4-600x400.jpg 600w, https:\/\/fechiteme.cl\/ns\/wp-content\/uploads\/2025\/12\/4.jpg 1616w\" sizes=\"(max-width: 640px) 100vw, 640px\" \/>\t\t\t\t\t\t\t\t\t\t\t\t\t\t\t<\/div>\n\t\t\t\t<\/div>\n\t\t\t\t<div class=\"elementor-element elementor-element-5dad28f elementor-widget elementor-widget-image\" data-id=\"5dad28f\" data-element_type=\"widget\" data-widget_type=\"image.default\">\n\t\t\t\t<div class=\"elementor-widget-container\">\n\t\t\t\t\t\t\t\t\t\t\t\t\t\t\t<img decoding=\"async\" width=\"640\" height=\"428\" src=\"https:\/\/fechiteme.cl\/ns\/wp-content\/uploads\/2025\/12\/1-1024x684.jpg\" class=\"attachment-large size-large wp-image-5008\" alt=\"\" srcset=\"https:\/\/fechiteme.cl\/ns\/wp-content\/uploads\/2025\/12\/1-1024x684.jpg 1024w, https:\/\/fechiteme.cl\/ns\/wp-content\/uploads\/2025\/12\/1-300x200.jpg 300w, https:\/\/fechiteme.cl\/ns\/wp-content\/uploads\/2025\/12\/1-768x513.jpg 768w, https:\/\/fechiteme.cl\/ns\/wp-content\/uploads\/2025\/12\/1-1536x1027.jpg 1536w, https:\/\/fechiteme.cl\/ns\/wp-content\/uploads\/2025\/12\/1-600x400.jpg 600w, https:\/\/fechiteme.cl\/ns\/wp-content\/uploads\/2025\/12\/1.jpg 1616w\" sizes=\"(max-width: 640px) 100vw, 640px\" \/>\t\t\t\t\t\t\t\t\t\t\t\t\t\t\t<\/div>\n\t\t\t\t<\/div>\n\t\t\t\t\t<\/div>\n\t\t\t\t<\/div>\n\t\t\t\t<\/div>\n\t\t","protected":false},"excerpt":{"rendered":"<p>\u00a0\u00a1COMENZ\u00d3 LA FINAL DE LA LNTM T\/C 2025! Santiago, 06 de diciembre de 2025. Este s\u00e1bado en el Centro de Entrenamiento Ol\u00edmpico CEO, comenz\u00f3 la final de la LNTM de Mayores 2025. En las que destaca la presencia de equipos de regiones, despu\u00e9s de clasificaci\u00f3n zonal durante todo el a\u00f1o 2025. 16 equipos ser\u00e1n parte&#8230;<\/p>\n","protected":false},"author":1,"featured_media":5009,"comment_status":"closed","ping_status":"closed","sticky":false,"template":"","format":"standard","meta":{"footnotes":""},"categories":[1,2],"tags":[],"class_list":["post-5007","post","type-post","status-publish","format-standard","has-post-thumbnail","hentry","category-ligas-nacionales","category-noticias"],"_links":{"self":[{"href":"https:\/\/fechiteme.cl\/ns\/wp-json\/wp\/v2\/posts\/5007","targetHints":{"allow":["GET"]}}],"collection":[{"href":"https:\/\/fechiteme.cl\/ns\/wp-json\/wp\/v2\/posts"}],"about":[{"href":"https:\/\/fechiteme.cl\/ns\/wp-json\/wp\/v2\/types\/post"}],"author":[{"embeddable":true,"href":"https:\/\/fechiteme.cl\/ns\/wp-json\/wp\/v2\/users\/1"}],"replies":[{"embeddable":true,"href":"https:\/\/fechiteme.cl\/ns\/wp-json\/wp\/v2\/comments?post=5007"}],"version-history":[{"count":3,"href":"https:\/\/fechiteme.cl\/ns\/wp-json\/wp\/v2\/posts\/5007\/revisions"}],"predecessor-version":[{"id":5013,"href":"https:\/\/fechiteme.cl\/ns\/wp-json\/wp\/v2\/posts\/5007\/revisions\/5013"}],"wp:featuredmedia":[{"embeddable":true,"href":"https:\/\/fechiteme.cl\/ns\/wp-json\/wp\/v2\/media\/5009"}],"wp:attachment":[{"href":"https:\/\/fechiteme.cl\/ns\/wp-json\/wp\/v2\/media?parent=5007"}],"wp:term":[{"taxonomy":"category","embeddable":true,"href":"https:\/\/fechiteme.cl\/ns\/wp-json\/wp\/v2\/categories?post=5007"},{"taxonomy":"post_tag","embeddable":true,"href":"https:\/\/fechiteme.cl\/ns\/wp-json\/wp\/v2\/tags?post=5007"}],"curies":[{"name":"wp","href":"https:\/\/api.w.org\/{rel}","templated":true}]}}