{"id":5077,"date":"2025-12-10T20:16:26","date_gmt":"2025-12-10T20:16:26","guid":{"rendered":"https:\/\/fechiteme.cl\/ns\/?p=5077"},"modified":"2026-01-14T20:44:40","modified_gmt":"2026-01-14T20:44:40","slug":"selectivo-nacional-individual-u15-u19","status":"publish","type":"post","link":"https:\/\/fechiteme.cl\/ns\/2025\/12\/10\/selectivo-nacional-individual-u15-u19\/","title":{"rendered":"SELECTIVO NACIONAL INDIVIDUAL U15 &#8211; U19"},"content":{"rendered":"\t\t<div data-elementor-type=\"wp-post\" data-elementor-id=\"5077\" class=\"elementor elementor-5077\" data-elementor-post-type=\"post\">\n\t\t\t\t<div class=\"elementor-element elementor-element-1228e6d e-flex e-con-boxed e-con e-parent\" data-id=\"1228e6d\" data-element_type=\"container\">\n\t\t\t\t\t<div class=\"e-con-inner\">\n\t\t\t\t<div class=\"elementor-element elementor-element-66ba8f9 elementor-widget elementor-widget-heading\" data-id=\"66ba8f9\" data-element_type=\"widget\" data-widget_type=\"heading.default\">\n\t\t\t\t<div class=\"elementor-widget-container\">\n\t\t\t\t\t<h2 class=\"elementor-heading-title elementor-size-default\">SELECTIVO NACIONAL  INDIVIDUAL U11-U13<\/h2>\t\t\t\t<\/div>\n\t\t\t\t<\/div>\n\t\t\t\t<div class=\"elementor-element elementor-element-206464b elementor-widget elementor-widget-image\" data-id=\"206464b\" data-element_type=\"widget\" data-widget_type=\"image.default\">\n\t\t\t\t<div class=\"elementor-widget-container\">\n\t\t\t\t\t\t\t\t\t\t\t\t\t\t\t<img fetchpriority=\"high\" decoding=\"async\" width=\"640\" height=\"234\" src=\"https:\/\/fechiteme.cl\/ns\/wp-content\/uploads\/2024\/11\/CEO1_foto-1024x374.jpg\" class=\"attachment-large size-large wp-image-695\" alt=\"\" srcset=\"https:\/\/fechiteme.cl\/ns\/wp-content\/uploads\/2024\/11\/CEO1_foto-1024x374.jpg 1024w, https:\/\/fechiteme.cl\/ns\/wp-content\/uploads\/2024\/11\/CEO1_foto-300x109.jpg 300w, https:\/\/fechiteme.cl\/ns\/wp-content\/uploads\/2024\/11\/CEO1_foto-768x280.jpg 768w, https:\/\/fechiteme.cl\/ns\/wp-content\/uploads\/2024\/11\/CEO1_foto.jpg 1110w\" sizes=\"(max-width: 640px) 100vw, 640px\" \/>\t\t\t\t\t\t\t\t\t\t\t\t\t\t\t<\/div>\n\t\t\t\t<\/div>\n\t\t\t\t<div class=\"elementor-element elementor-element-1aa1458 elementor-widget elementor-widget-text-editor\" data-id=\"1aa1458\" data-element_type=\"widget\" data-widget_type=\"text-editor.default\">\n\t\t\t\t<div class=\"elementor-widget-container\">\n\t\t\t\t\t\t\t\t\t<p><strong>Informaci\u00f3n<em> Selectivo Nacional U15-U19 (16-17-18\/ENERO)<\/em><\/strong><\/p><ul><li><em><a href=\"https:\/\/fechiteme.cl\/ns\/wp-content\/uploads\/2025\/12\/Bases-Selectivo-Sub-15_19-2026.pdf\" target=\"_blank\" rel=\"noopener\"><strong>Selectivo Nacional U15-U19 v\u00eda 2026 &#8211; BASES OFICIALES (PDF)<\/strong><\/a>\u00a0\/<\/em><\/li><li><a href=\"https:\/\/fechiteme.cl\/ns\/wp-content\/uploads\/2026\/01\/ANEXO_JJSS_JUVENTUD_2026.pdf\">Anexo Proceso Selectivo &#8211;\u00a0 Juegos Suramericanos de la Juventud 2026 (PDF)<\/a><\/li><li><a href=\"https:\/\/fechiteme.cl\/ns\/wp-content\/uploads\/2026\/01\/LISTA_CONVOCADOS_SELECTIVO_U15_U19.pdf\" target=\"_blank\" rel=\"noopener\"><strong>Listado de Convocados Selectivo (PDF)<\/strong><\/a>\u00a0<em>\/ Actualizado: 07.01.2026<\/em><\/li><li><em> Actualizado: 10.12.2025<\/em><\/li><li>Reglamento Decreto N\u00b0 22<\/li><li><a href=\"https:\/\/fechiteme.cl\/ns\/normativa-2025\/\" target=\"_blank\" rel=\"noopener\">Listado Entrenadores Acreditados<\/a><\/li><li><a href=\"https:\/\/fechiteme.cl\/ns\/wp-content\/uploads\/2026\/01\/Proceso-Selectivo-U15-U19-FECHITEME-via-Internacionales-2026-GRUPOS-PROGRAMACION.pdf\">Grupos &amp; Programaci\u00f3n (PDF)<\/a><\/li><li>Libro de Resultados<\/li><\/ul><p><u>M\u00e1s informaci\u00f3n<\/u><\/p><p><strong>Lugar:<\/strong>\u00a0<em>Gimnasio Polideportivo CEO I (Av. Ram\u00f3n Cruz #1176, \u00d1u\u00f1oa, Santiago, RM)<\/em><\/p><p><span style=\"color: #ff0000;\"><em><strong>IMPORTANTE:<\/strong> Dada la gran cantidad de asistentes estimada, se sugiere considerar los aspectos de estacionamiento.\u00a0<\/em><\/span><\/p><p><strong>Fecha:\u00a0 VIERNES 16, S\u00c1BADO 17 Y DOMINGO 18 de enero 2026<\/strong><\/p><p><strong>Organizador: <\/strong>Federaci\u00f3n Chilena de Tenis de Mesa.<\/p><p><strong>Categor\u00edas:\u00a0 <\/strong>U15-U19<\/p><p><em><strong>Pruebas: <\/strong>Individual Damas,\u00a0Individual Varones.\u00a0\u00a0<\/em><\/p><p><strong>Plazo de inscripci\u00f3n: <span style=\"color: #ff0000;\">MARTES 06 DE ENERO DE 2026 a las 14:00 h\u00a0<\/span><\/strong><\/p><p><strong>Plataforma de Inscripci\u00f3n Single:<\/strong> <a href=\"https:\/\/www.bipte.cl\/fechiteme\/app_Login\/\">https:\/\/www.bipte.cl\/fechiteme\/app_Login\/<\/a><\/p><p><strong>Mesa de Control:<\/strong> FRANCISCO H\u00c9RNANDEZ\u00a0<\/p><p><span style=\"color: #ff0000;\"><em><span style=\"text-decoration: underline;\"><strong>FOTOGRAF\u00cdAS :<\/strong><\/span> La autorizaci\u00f3n para la toma de fotograf\u00edas y videos de acuerdo con del \u00c1rea de Eventos de FECHITEME quedar\u00e1 suspendida hasta nuevo aviso, en conformidad con la nueva normativa federativa aplicable a este \u00e1mbito.<br \/>Se except\u00faa de esta medida al equipo oficial de difusi\u00f3n de FECHITEME, quienes mantendr\u00e1n su autorizaci\u00f3n para acceder a la zona de juego con fines comunicacionales y de registro institucional.<\/em><\/span><\/p>\t\t\t\t\t\t\t\t<\/div>\n\t\t\t\t<\/div>\n\t\t\t\t\t<\/div>\n\t\t\t\t<\/div>\n\t\t\t\t<\/div>\n\t\t","protected":false},"excerpt":{"rendered":"<p>SELECTIVO NACIONAL INDIVIDUAL U11-U13 Informaci\u00f3n Selectivo Nacional U15-U19 (16-17-18\/ENERO) Selectivo Nacional U15-U19 v\u00eda 2026 &#8211; BASES OFICIALES (PDF)\u00a0\/ Anexo Proceso Selectivo &#8211;\u00a0 Juegos Suramericanos de la Juventud 2026 (PDF) Listado de Convocados Selectivo (PDF)\u00a0\/ Actualizado: 07.01.2026 Actualizado: 10.12.2025 Reglamento Decreto N\u00b0 22 Listado Entrenadores Acreditados Grupos &amp; Programaci\u00f3n (PDF) Libro de Resultados M\u00e1s informaci\u00f3n Lugar:\u00a0Gimnasio&#8230;<\/p>\n","protected":false},"author":1,"featured_media":2792,"comment_status":"closed","ping_status":"closed","sticky":false,"template":"","format":"standard","meta":{"footnotes":""},"categories":[3],"tags":[],"class_list":["post-5077","post","type-post","status-publish","format-standard","has-post-thumbnail","hentry","category-bases-e-informativos"],"_links":{"self":[{"href":"https:\/\/fechiteme.cl\/ns\/wp-json\/wp\/v2\/posts\/5077","targetHints":{"allow":["GET"]}}],"collection":[{"href":"https:\/\/fechiteme.cl\/ns\/wp-json\/wp\/v2\/posts"}],"about":[{"href":"https:\/\/fechiteme.cl\/ns\/wp-json\/wp\/v2\/types\/post"}],"author":[{"embeddable":true,"href":"https:\/\/fechiteme.cl\/ns\/wp-json\/wp\/v2\/users\/1"}],"replies":[{"embeddable":true,"href":"https:\/\/fechiteme.cl\/ns\/wp-json\/wp\/v2\/comments?post=5077"}],"version-history":[{"count":24,"href":"https:\/\/fechiteme.cl\/ns\/wp-json\/wp\/v2\/posts\/5077\/revisions"}],"predecessor-version":[{"id":5372,"href":"https:\/\/fechiteme.cl\/ns\/wp-json\/wp\/v2\/posts\/5077\/revisions\/5372"}],"wp:featuredmedia":[{"embeddable":true,"href":"https:\/\/fechiteme.cl\/ns\/wp-json\/wp\/v2\/media\/2792"}],"wp:attachment":[{"href":"https:\/\/fechiteme.cl\/ns\/wp-json\/wp\/v2\/media?parent=5077"}],"wp:term":[{"taxonomy":"category","embeddable":true,"href":"https:\/\/fechiteme.cl\/ns\/wp-json\/wp\/v2\/categories?post=5077"},{"taxonomy":"post_tag","embeddable":true,"href":"https:\/\/fechiteme.cl\/ns\/wp-json\/wp\/v2\/tags?post=5077"}],"curies":[{"name":"wp","href":"https:\/\/api.w.org\/{rel}","templated":true}]}}