{"id":5414,"date":"2026-01-20T23:45:21","date_gmt":"2026-01-20T23:45:21","guid":{"rendered":"https:\/\/fechiteme.cl\/ns\/?p=5414"},"modified":"2026-01-22T19:51:10","modified_gmt":"2026-01-22T19:51:10","slug":"este-sabado-fue-realizado-la-asamblea-general-de-fechiteme","status":"publish","type":"post","link":"https:\/\/fechiteme.cl\/ns\/2026\/01\/20\/este-sabado-fue-realizado-la-asamblea-general-de-fechiteme\/","title":{"rendered":"\u00a1ESTE S\u00c1BADO FUE REALIZADO LA ASAMBLEA GENERAL DE FECHITEME!"},"content":{"rendered":"\t\t<div data-elementor-type=\"wp-post\" data-elementor-id=\"5414\" class=\"elementor elementor-5414\" data-elementor-post-type=\"post\">\n\t\t\t\t<div class=\"elementor-element elementor-element-5c7a1c5 e-flex e-con-boxed e-con e-parent\" data-id=\"5c7a1c5\" data-element_type=\"container\">\n\t\t\t\t\t<div class=\"e-con-inner\">\n\t\t\t\t<div class=\"elementor-element elementor-element-ccc2975 elementor-widget elementor-widget-text-editor\" data-id=\"ccc2975\" data-element_type=\"widget\" data-widget_type=\"text-editor.default\">\n\t\t\t\t<div class=\"elementor-widget-container\">\n\t\t\t\t\t\t\t\t\t<p><strong>\u201cTodo en el Sal\u00f3n Plenario del Comit\u00e9 Ol\u00edmpico de Chile\u201d<\/strong><\/p><p>Santiago, 20 de Enero de 2026. \u2013 El pasado s\u00e1bado\u00a0 17 de enero, en el Sal\u00f3n Plenario del Comit\u00e9 Ol\u00edmpico de Chile, se llev\u00f3 a cabo la Asamblea General de la Federaci\u00f3n Chilena de Tenis de Mesa (Fechiteme), instancia que cont\u00f3 con la participaci\u00f3n de m\u00e1s de 28 asociaciones provenientes desde Arica hasta Puerto Montt, reflejando una amplia representatividad territorial del tenis de mesa nacional.<\/p><p>Durante la jornada, la Presidenta del Directorio present\u00f3 los lineamientos generales de trabajo para el a\u00f1o 2026, abordando aspectos clave como el presupuesto anual, el sistema de competencia nacional, la propuesta de la Unidad T\u00e9cnica Nacional y la reforma de estatutos v\u00eda Federaci\u00f3n Deportiva Nacional (FDN).<\/p><p>La asamblea se desarroll\u00f3 en un clima de di\u00e1logo y participaci\u00f3n activa, permitiendo a las asociaciones conocer en detalle los desaf\u00edos y objetivos estrat\u00e9gicos proyectados para la temporada 2026, reafirmando el compromiso institucional con el desarrollo, la transparencia y el fortalecimiento del tenis de mesa chileno a nivel nacional e internacional..<\/p><p>En palabras de la Presidenta del Directorio, se\u00f1al\u00f3: \u201c<em>Primero que todo, quisiera agradecer a los presidentes y delegados que asistieron a una larga jornada de trabajo, donde logramos exponer a la asamblea una serie de puntos de relevancia para el futuro de nuestro deporte, con una propuesta de modificaci\u00f3n de estatutos que fue ampliamente aprobada. Sin duda, la forma de construir un mejor tenis de mesa se da justamente en las asambleas, como organismo v\u00e1lido para conversar y llegar a grandes acuerdos. Muchas gracias a todos quienes hicieron posible esta asamblea<\/em>\u201d.<\/p><p>Link de fotograf\u00edas asamblea general:\u00a0<a href=\"https:\/\/www.flickr.com\/photos\/202861364@N07\/\">https:\/\/www.flickr.com\/photos\/202861364@N07\/<\/a><\/p><p><strong>\u00a1Vamos por m\u00e1s!<\/strong><br \/>\u00a0Juntos, podemos lograr grandes cosas. #TenisDeMesa #Federaci\u00f3nChilenaDeTenisDeMesa#Fechiteme<\/p>\t\t\t\t\t\t\t\t<\/div>\n\t\t\t\t<\/div>\n\t\t\t\t\t<\/div>\n\t\t\t\t<\/div>\n\t\t<div class=\"elementor-element elementor-element-b6e43cc e-flex e-con-boxed e-con e-parent\" data-id=\"b6e43cc\" data-element_type=\"container\">\n\t\t\t\t\t<div class=\"e-con-inner\">\n\t\t\t\t<div class=\"elementor-element elementor-element-63808b3 elementor-widget elementor-widget-image\" data-id=\"63808b3\" data-element_type=\"widget\" data-widget_type=\"image.default\">\n\t\t\t\t<div class=\"elementor-widget-container\">\n\t\t\t\t\t\t\t\t\t\t\t\t\t\t\t<img fetchpriority=\"high\" decoding=\"async\" width=\"640\" height=\"427\" src=\"https:\/\/fechiteme.cl\/ns\/wp-content\/uploads\/2026\/01\/DSC_0388-1024x683.jpg\" class=\"attachment-large size-large wp-image-5416\" alt=\"\" srcset=\"https:\/\/fechiteme.cl\/ns\/wp-content\/uploads\/2026\/01\/DSC_0388-1024x683.jpg 1024w, https:\/\/fechiteme.cl\/ns\/wp-content\/uploads\/2026\/01\/DSC_0388-300x200.jpg 300w, https:\/\/fechiteme.cl\/ns\/wp-content\/uploads\/2026\/01\/DSC_0388-768x512.jpg 768w, https:\/\/fechiteme.cl\/ns\/wp-content\/uploads\/2026\/01\/DSC_0388-1536x1024.jpg 1536w, https:\/\/fechiteme.cl\/ns\/wp-content\/uploads\/2026\/01\/DSC_0388-2048x1365.jpg 2048w, https:\/\/fechiteme.cl\/ns\/wp-content\/uploads\/2026\/01\/DSC_0388-600x400.jpg 600w\" sizes=\"(max-width: 640px) 100vw, 640px\" \/>\t\t\t\t\t\t\t\t\t\t\t\t\t\t\t<\/div>\n\t\t\t\t<\/div>\n\t\t\t\t<div class=\"elementor-element elementor-element-e8fc7ff elementor-widget elementor-widget-image\" data-id=\"e8fc7ff\" data-element_type=\"widget\" data-widget_type=\"image.default\">\n\t\t\t\t<div class=\"elementor-widget-container\">\n\t\t\t\t\t\t\t\t\t\t\t\t\t\t\t<img decoding=\"async\" width=\"640\" height=\"426\" src=\"https:\/\/fechiteme.cl\/ns\/wp-content\/uploads\/2026\/01\/DSC_0408-1024x682.jpg\" class=\"attachment-large size-large wp-image-5419\" alt=\"\" srcset=\"https:\/\/fechiteme.cl\/ns\/wp-content\/uploads\/2026\/01\/DSC_0408-1024x682.jpg 1024w, https:\/\/fechiteme.cl\/ns\/wp-content\/uploads\/2026\/01\/DSC_0408-300x200.jpg 300w, https:\/\/fechiteme.cl\/ns\/wp-content\/uploads\/2026\/01\/DSC_0408-768x512.jpg 768w, https:\/\/fechiteme.cl\/ns\/wp-content\/uploads\/2026\/01\/DSC_0408-1536x1024.jpg 1536w, https:\/\/fechiteme.cl\/ns\/wp-content\/uploads\/2026\/01\/DSC_0408-820x545.jpg 820w, https:\/\/fechiteme.cl\/ns\/wp-content\/uploads\/2026\/01\/DSC_0408-600x400.jpg 600w, https:\/\/fechiteme.cl\/ns\/wp-content\/uploads\/2026\/01\/DSC_0408.jpg 2000w\" sizes=\"(max-width: 640px) 100vw, 640px\" \/>\t\t\t\t\t\t\t\t\t\t\t\t\t\t\t<\/div>\n\t\t\t\t<\/div>\n\t\t\t\t<div class=\"elementor-element elementor-element-1f57e04 elementor-widget elementor-widget-image\" data-id=\"1f57e04\" data-element_type=\"widget\" data-widget_type=\"image.default\">\n\t\t\t\t<div class=\"elementor-widget-container\">\n\t\t\t\t\t\t\t\t\t\t\t\t\t\t\t<img decoding=\"async\" width=\"640\" height=\"427\" src=\"https:\/\/fechiteme.cl\/ns\/wp-content\/uploads\/2026\/01\/DSC_0254-1024x683.jpg\" class=\"attachment-large size-large wp-image-5421\" alt=\"\" srcset=\"https:\/\/fechiteme.cl\/ns\/wp-content\/uploads\/2026\/01\/DSC_0254-1024x683.jpg 1024w, https:\/\/fechiteme.cl\/ns\/wp-content\/uploads\/2026\/01\/DSC_0254-300x200.jpg 300w, https:\/\/fechiteme.cl\/ns\/wp-content\/uploads\/2026\/01\/DSC_0254-768x512.jpg 768w, https:\/\/fechiteme.cl\/ns\/wp-content\/uploads\/2026\/01\/DSC_0254-1536x1024.jpg 1536w, https:\/\/fechiteme.cl\/ns\/wp-content\/uploads\/2026\/01\/DSC_0254-2048x1365.jpg 2048w, https:\/\/fechiteme.cl\/ns\/wp-content\/uploads\/2026\/01\/DSC_0254-600x400.jpg 600w\" sizes=\"(max-width: 640px) 100vw, 640px\" \/>\t\t\t\t\t\t\t\t\t\t\t\t\t\t\t<\/div>\n\t\t\t\t<\/div>\n\t\t\t\t\t<\/div>\n\t\t\t\t<\/div>\n\t\t\t\t<\/div>\n\t\t","protected":false},"excerpt":{"rendered":"<p>\u201cTodo en el Sal\u00f3n Plenario del Comit\u00e9 Ol\u00edmpico de Chile\u201d Santiago, 20 de Enero de 2026. \u2013 El pasado s\u00e1bado\u00a0 17 de enero, en el Sal\u00f3n Plenario del Comit\u00e9 Ol\u00edmpico de Chile, se llev\u00f3 a cabo la Asamblea General de la Federaci\u00f3n Chilena de Tenis de Mesa (Fechiteme), instancia que cont\u00f3 con la participaci\u00f3n de&#8230;<\/p>\n","protected":false},"author":1,"featured_media":5420,"comment_status":"closed","ping_status":"closed","sticky":false,"template":"","format":"standard","meta":{"footnotes":""},"categories":[2],"tags":[],"class_list":["post-5414","post","type-post","status-publish","format-standard","has-post-thumbnail","hentry","category-noticias"],"_links":{"self":[{"href":"https:\/\/fechiteme.cl\/ns\/wp-json\/wp\/v2\/posts\/5414","targetHints":{"allow":["GET"]}}],"collection":[{"href":"https:\/\/fechiteme.cl\/ns\/wp-json\/wp\/v2\/posts"}],"about":[{"href":"https:\/\/fechiteme.cl\/ns\/wp-json\/wp\/v2\/types\/post"}],"author":[{"embeddable":true,"href":"https:\/\/fechiteme.cl\/ns\/wp-json\/wp\/v2\/users\/1"}],"replies":[{"embeddable":true,"href":"https:\/\/fechiteme.cl\/ns\/wp-json\/wp\/v2\/comments?post=5414"}],"version-history":[{"count":9,"href":"https:\/\/fechiteme.cl\/ns\/wp-json\/wp\/v2\/posts\/5414\/revisions"}],"predecessor-version":[{"id":5430,"href":"https:\/\/fechiteme.cl\/ns\/wp-json\/wp\/v2\/posts\/5414\/revisions\/5430"}],"wp:featuredmedia":[{"embeddable":true,"href":"https:\/\/fechiteme.cl\/ns\/wp-json\/wp\/v2\/media\/5420"}],"wp:attachment":[{"href":"https:\/\/fechiteme.cl\/ns\/wp-json\/wp\/v2\/media?parent=5414"}],"wp:term":[{"taxonomy":"category","embeddable":true,"href":"https:\/\/fechiteme.cl\/ns\/wp-json\/wp\/v2\/categories?post=5414"},{"taxonomy":"post_tag","embeddable":true,"href":"https:\/\/fechiteme.cl\/ns\/wp-json\/wp\/v2\/tags?post=5414"}],"curies":[{"name":"wp","href":"https:\/\/api.w.org\/{rel}","templated":true}]}}