{"id":5689,"date":"2026-03-13T22:56:17","date_gmt":"2026-03-13T22:56:17","guid":{"rendered":"https:\/\/fechiteme.cl\/ns\/?p=5689"},"modified":"2026-03-13T22:58:13","modified_gmt":"2026-03-13T22:58:13","slug":"chile-dice-presente-en-sudamericano-de-menores","status":"publish","type":"post","link":"https:\/\/fechiteme.cl\/ns\/2026\/03\/13\/chile-dice-presente-en-sudamericano-de-menores\/","title":{"rendered":"\u00a1CHILE DICE PRESENTE EN SUDAMERICANO DE MENORES!"},"content":{"rendered":"\t\t<div data-elementor-type=\"wp-post\" data-elementor-id=\"5689\" class=\"elementor elementor-5689\" data-elementor-post-type=\"post\">\n\t\t\t\t<div class=\"elementor-element elementor-element-4eb03f0 e-flex e-con-boxed e-con e-parent\" data-id=\"4eb03f0\" data-element_type=\"container\">\n\t\t\t\t\t<div class=\"e-con-inner\">\n\t\t\t\t<div class=\"elementor-element elementor-element-94110ec elementor-widget elementor-widget-text-editor\" data-id=\"94110ec\" data-element_type=\"widget\" data-widget_type=\"text-editor.default\">\n\t\t\t\t<div class=\"elementor-widget-container\">\n\t\t\t\t\t\t\t\t\t<p><strong>\u00a1CHILE DICE PRESENTE EN SUDAMERICANO DE MENORES!<\/strong><\/p><p><strong>\u201cDesde el 14 al 20 de marzo, ser\u00e1 la competencia en Asunci\u00f3n\u201d<\/strong><\/p><p>Santiago, 13 de marzo de 2026. La selecci\u00f3n nacional U11-U13 ya est\u00e1 en Asunci\u00f3n Paraguay para participar del Campeonato Sudamericano U11-U13. Con un total de 16 deportistas, 04 entrenadores y 01 delegado Chile dir\u00e1 presente en la justa sudamericana m\u00e1s importante de la categor\u00eda.<\/p><p>Ma\u00f1ana 14 de marzo a las 09:00 hrs. comenzar\u00e1 la participaci\u00f3n \u00a0en el evento Internacional. \u00a0Todo el \u00e9xito a nuestra delegaci\u00f3n.<\/p><p>Link del evento: <a href=\"https:\/\/www.ittf.com\/tournament\/3399\/ITTF%20Americas%20South%20American%20U11%20U13%20Championships%20Asuncion%202026\/\">https:\/\/www.ittf.com\/tournament\/3399\/ITTF%20Americas%20South%20American%20U11%20U13%20Championships%20Asuncion%202026\/<\/a><\/p><p>\u00a1Seguimos trabajando por el crecimiento de nuestra disciplina!<\/p><p><strong>\u00a1Vamos por m\u00e1s!<\/strong><br \/>\u00a0Juntos, podemos lograr grandes cosas. #TenisDeMesa #Federaci\u00f3nChilenaDeTenisDeMesa#Fechiteme <\/p>\t\t\t\t\t\t\t\t<\/div>\n\t\t\t\t<\/div>\n\t\t\t\t\t<\/div>\n\t\t\t\t<\/div>\n\t\t<div class=\"elementor-element elementor-element-b9cdb60 e-flex e-con-boxed e-con e-parent\" data-id=\"b9cdb60\" data-element_type=\"container\">\n\t\t\t\t\t<div class=\"e-con-inner\">\n\t\t\t\t<div class=\"elementor-element elementor-element-83773c8 elementor-widget elementor-widget-image\" data-id=\"83773c8\" data-element_type=\"widget\" data-widget_type=\"image.default\">\n\t\t\t\t<div class=\"elementor-widget-container\">\n\t\t\t\t\t\t\t\t\t\t\t\t\t\t\t<img fetchpriority=\"high\" decoding=\"async\" width=\"640\" height=\"296\" src=\"https:\/\/fechiteme.cl\/ns\/wp-content\/uploads\/2026\/03\/ASUNCION_01-1024x473.jpeg\" class=\"attachment-large size-large wp-image-5690\" alt=\"\" srcset=\"https:\/\/fechiteme.cl\/ns\/wp-content\/uploads\/2026\/03\/ASUNCION_01-1024x473.jpeg 1024w, https:\/\/fechiteme.cl\/ns\/wp-content\/uploads\/2026\/03\/ASUNCION_01-300x139.jpeg 300w, https:\/\/fechiteme.cl\/ns\/wp-content\/uploads\/2026\/03\/ASUNCION_01-768x355.jpeg 768w, https:\/\/fechiteme.cl\/ns\/wp-content\/uploads\/2026\/03\/ASUNCION_01.jpeg 1280w\" sizes=\"(max-width: 640px) 100vw, 640px\" \/>\t\t\t\t\t\t\t\t\t\t\t\t\t\t\t<\/div>\n\t\t\t\t<\/div>\n\t\t\t\t\t<\/div>\n\t\t\t\t<\/div>\n\t\t\t\t<\/div>\n\t\t","protected":false},"excerpt":{"rendered":"<p>\u00a1CHILE DICE PRESENTE EN SUDAMERICANO DE MENORES! \u201cDesde el 14 al 20 de marzo, ser\u00e1 la competencia en Asunci\u00f3n\u201d Santiago, 13 de marzo de 2026. La selecci\u00f3n nacional U11-U13 ya est\u00e1 en Asunci\u00f3n Paraguay para participar del Campeonato Sudamericano U11-U13. Con un total de 16 deportistas, 04 entrenadores y 01 delegado Chile dir\u00e1 presente en&#8230;<\/p>\n","protected":false},"author":1,"featured_media":5690,"comment_status":"closed","ping_status":"closed","sticky":false,"template":"","format":"standard","meta":{"footnotes":""},"categories":[2,43],"tags":[],"class_list":["post-5689","post","type-post","status-publish","format-standard","has-post-thumbnail","hentry","category-noticias","category-sudamericano-panamericanos"],"_links":{"self":[{"href":"https:\/\/fechiteme.cl\/ns\/wp-json\/wp\/v2\/posts\/5689","targetHints":{"allow":["GET"]}}],"collection":[{"href":"https:\/\/fechiteme.cl\/ns\/wp-json\/wp\/v2\/posts"}],"about":[{"href":"https:\/\/fechiteme.cl\/ns\/wp-json\/wp\/v2\/types\/post"}],"author":[{"embeddable":true,"href":"https:\/\/fechiteme.cl\/ns\/wp-json\/wp\/v2\/users\/1"}],"replies":[{"embeddable":true,"href":"https:\/\/fechiteme.cl\/ns\/wp-json\/wp\/v2\/comments?post=5689"}],"version-history":[{"count":3,"href":"https:\/\/fechiteme.cl\/ns\/wp-json\/wp\/v2\/posts\/5689\/revisions"}],"predecessor-version":[{"id":5693,"href":"https:\/\/fechiteme.cl\/ns\/wp-json\/wp\/v2\/posts\/5689\/revisions\/5693"}],"wp:featuredmedia":[{"embeddable":true,"href":"https:\/\/fechiteme.cl\/ns\/wp-json\/wp\/v2\/media\/5690"}],"wp:attachment":[{"href":"https:\/\/fechiteme.cl\/ns\/wp-json\/wp\/v2\/media?parent=5689"}],"wp:term":[{"taxonomy":"category","embeddable":true,"href":"https:\/\/fechiteme.cl\/ns\/wp-json\/wp\/v2\/categories?post=5689"},{"taxonomy":"post_tag","embeddable":true,"href":"https:\/\/fechiteme.cl\/ns\/wp-json\/wp\/v2\/tags?post=5689"}],"curies":[{"name":"wp","href":"https:\/\/api.w.org\/{rel}","templated":true}]}}