{"id":5695,"date":"2026-03-16T03:09:33","date_gmt":"2026-03-16T03:09:33","guid":{"rendered":"https:\/\/fechiteme.cl\/ns\/?p=5695"},"modified":"2026-03-16T03:11:20","modified_gmt":"2026-03-16T03:11:20","slug":"comenzo-sudamericano-de-menores-en-asuncion","status":"publish","type":"post","link":"https:\/\/fechiteme.cl\/ns\/2026\/03\/16\/comenzo-sudamericano-de-menores-en-asuncion\/","title":{"rendered":"\u00a1COMENZ\u00d3 SUDAMERICANO DE MENORES EN ASUNCI\u00d3N!"},"content":{"rendered":"\t\t<div data-elementor-type=\"wp-post\" data-elementor-id=\"5695\" class=\"elementor elementor-5695\" data-elementor-post-type=\"post\">\n\t\t\t\t<div class=\"elementor-element elementor-element-0a18c79 e-flex e-con-boxed e-con e-parent\" data-id=\"0a18c79\" data-element_type=\"container\">\n\t\t\t\t\t<div class=\"e-con-inner\">\n\t\t\t\t<div class=\"elementor-element elementor-element-6f8dff9 elementor-widget elementor-widget-text-editor\" data-id=\"6f8dff9\" data-element_type=\"widget\" data-widget_type=\"text-editor.default\">\n\t\t\t\t<div class=\"elementor-widget-container\">\n\t\t\t\t\t\t\t\t\t<p><strong>\u00a1COMENZ\u00d3 SUDAMERICANO DE MENORES EN ASUNCI\u00d3N!<\/strong><\/p><p><strong>\u201cTres equipos chilenos ya est\u00e1n en cuartos de final\u201d<\/strong><\/p><p>Santiago, 15 de marzo de 2026. La selecci\u00f3n nacional inici\u00f3 con \u00e9xito su participaci\u00f3n en la modalidad por equipos del Sudamericano de Menores. Tras una s\u00f3lida fase inicial, tres representantes nacionales se mantienen firmes en la competencia y saldr\u00e1n este lunes en busca del pase a la pr\u00f3xima ronda.<\/p><p>Los cruces confirmados para la siguiente etapa son:<\/p><ul><li><strong>U11 Damas:<\/strong> Chile vs. Colombia (Cuartos de final)<\/li><li><strong>U13 Damas:<\/strong> Chile 1 vs. Brasil 2 (Cuartos de final)<\/li><li><strong>U13 Varones:<\/strong> Chile 2 vs. Argentina 2 (Cuartos de final)<\/li><\/ul><p>Por su parte, el equipo <strong>U11 Varones<\/strong> se despidi\u00f3 del cuadro principal tras un espectacular debut. Pese a su gran nivel de juego, cayeron ajustadamente por <strong>3-2<\/strong> en la llave de los 16 mejores, cerrando una destaco debut internacional en la prueba por equipos.<\/p><p>Link del evento: <a href=\"https:\/\/www.ittf.com\/tournament\/3399\/ITTF%20Americas%20South%20American%20U11%20U13%20Championships%20Asuncion%202026\/\">https:\/\/www.ittf.com\/tournament\/3399\/ITTF%20Americas%20South%20American%20U11%20U13%20Championships%20Asuncion%202026\/<\/a><\/p><p>Link de fotograf\u00edas(Ittf Am\u00e9ricas): <a href=\"https:\/\/www.flickr.com\/photos\/192694133@N05\/albums\">https:\/\/www.flickr.com\/photos\/192694133@N05\/albums<\/a><\/p><p>\u00a1Seguimos trabajando por el crecimiento de nuestra disciplina!<\/p><p><strong>\u00a1Vamos por m\u00e1s!<\/strong><br \/>\u00a0Juntos, podemos lograr grandes cosas. #TenisDeMesa #Federaci\u00f3nChilenaDeTenisDeMesa#Fechiteme<\/p><p><strong>\u00a0<\/strong><\/p>\t\t\t\t\t\t\t\t<\/div>\n\t\t\t\t<\/div>\n\t\t\t\t\t<\/div>\n\t\t\t\t<\/div>\n\t\t<div class=\"elementor-element elementor-element-fcba39a e-flex e-con-boxed e-con e-parent\" data-id=\"fcba39a\" data-element_type=\"container\">\n\t\t\t\t\t<div class=\"e-con-inner\">\n\t\t\t\t<div class=\"elementor-element elementor-element-bbd29ec elementor-widget elementor-widget-image\" data-id=\"bbd29ec\" data-element_type=\"widget\" data-widget_type=\"image.default\">\n\t\t\t\t<div class=\"elementor-widget-container\">\n\t\t\t\t\t\t\t\t\t\t\t\t\t\t\t<img fetchpriority=\"high\" decoding=\"async\" width=\"640\" height=\"427\" src=\"https:\/\/fechiteme.cl\/ns\/wp-content\/uploads\/2026\/03\/FOTO_ASUNCION_3-1024x683.jpg\" class=\"attachment-large size-large wp-image-5699\" alt=\"\" srcset=\"https:\/\/fechiteme.cl\/ns\/wp-content\/uploads\/2026\/03\/FOTO_ASUNCION_3-1024x683.jpg 1024w, https:\/\/fechiteme.cl\/ns\/wp-content\/uploads\/2026\/03\/FOTO_ASUNCION_3-300x200.jpg 300w, https:\/\/fechiteme.cl\/ns\/wp-content\/uploads\/2026\/03\/FOTO_ASUNCION_3-768x512.jpg 768w, https:\/\/fechiteme.cl\/ns\/wp-content\/uploads\/2026\/03\/FOTO_ASUNCION_3-1536x1024.jpg 1536w, https:\/\/fechiteme.cl\/ns\/wp-content\/uploads\/2026\/03\/FOTO_ASUNCION_3-600x400.jpg 600w, https:\/\/fechiteme.cl\/ns\/wp-content\/uploads\/2026\/03\/FOTO_ASUNCION_3.jpg 2048w\" sizes=\"(max-width: 640px) 100vw, 640px\" \/>\t\t\t\t\t\t\t\t\t\t\t\t\t\t\t<\/div>\n\t\t\t\t<\/div>\n\t\t\t\t<div class=\"elementor-element elementor-element-c1df649 elementor-widget elementor-widget-image\" data-id=\"c1df649\" data-element_type=\"widget\" data-widget_type=\"image.default\">\n\t\t\t\t<div class=\"elementor-widget-container\">\n\t\t\t\t\t\t\t\t\t\t\t\t\t\t\t<img decoding=\"async\" width=\"640\" height=\"427\" src=\"https:\/\/fechiteme.cl\/ns\/wp-content\/uploads\/2026\/03\/FOTO_ASUNCION_2-1024x683.jpg\" class=\"attachment-large size-large wp-image-5698\" alt=\"\" srcset=\"https:\/\/fechiteme.cl\/ns\/wp-content\/uploads\/2026\/03\/FOTO_ASUNCION_2-1024x683.jpg 1024w, https:\/\/fechiteme.cl\/ns\/wp-content\/uploads\/2026\/03\/FOTO_ASUNCION_2-300x200.jpg 300w, https:\/\/fechiteme.cl\/ns\/wp-content\/uploads\/2026\/03\/FOTO_ASUNCION_2-768x512.jpg 768w, https:\/\/fechiteme.cl\/ns\/wp-content\/uploads\/2026\/03\/FOTO_ASUNCION_2-1536x1024.jpg 1536w, https:\/\/fechiteme.cl\/ns\/wp-content\/uploads\/2026\/03\/FOTO_ASUNCION_2-600x400.jpg 600w, https:\/\/fechiteme.cl\/ns\/wp-content\/uploads\/2026\/03\/FOTO_ASUNCION_2.jpg 2048w\" sizes=\"(max-width: 640px) 100vw, 640px\" \/>\t\t\t\t\t\t\t\t\t\t\t\t\t\t\t<\/div>\n\t\t\t\t<\/div>\n\t\t\t\t<div class=\"elementor-element elementor-element-49dafbd elementor-widget elementor-widget-image\" data-id=\"49dafbd\" data-element_type=\"widget\" data-widget_type=\"image.default\">\n\t\t\t\t<div class=\"elementor-widget-container\">\n\t\t\t\t\t\t\t\t\t\t\t\t\t\t\t<img decoding=\"async\" width=\"640\" height=\"427\" src=\"https:\/\/fechiteme.cl\/ns\/wp-content\/uploads\/2026\/03\/FOTO_ASUNCION_1-1024x683.jpg\" class=\"attachment-large size-large wp-image-5697\" alt=\"\" srcset=\"https:\/\/fechiteme.cl\/ns\/wp-content\/uploads\/2026\/03\/FOTO_ASUNCION_1-1024x683.jpg 1024w, https:\/\/fechiteme.cl\/ns\/wp-content\/uploads\/2026\/03\/FOTO_ASUNCION_1-300x200.jpg 300w, https:\/\/fechiteme.cl\/ns\/wp-content\/uploads\/2026\/03\/FOTO_ASUNCION_1-768x512.jpg 768w, https:\/\/fechiteme.cl\/ns\/wp-content\/uploads\/2026\/03\/FOTO_ASUNCION_1-1536x1024.jpg 1536w, https:\/\/fechiteme.cl\/ns\/wp-content\/uploads\/2026\/03\/FOTO_ASUNCION_1-600x400.jpg 600w, https:\/\/fechiteme.cl\/ns\/wp-content\/uploads\/2026\/03\/FOTO_ASUNCION_1.jpg 2048w\" sizes=\"(max-width: 640px) 100vw, 640px\" \/>\t\t\t\t\t\t\t\t\t\t\t\t\t\t\t<\/div>\n\t\t\t\t<\/div>\n\t\t\t\t<div class=\"elementor-element elementor-element-17f71d5 elementor-widget elementor-widget-image\" data-id=\"17f71d5\" data-element_type=\"widget\" data-widget_type=\"image.default\">\n\t\t\t\t<div class=\"elementor-widget-container\">\n\t\t\t\t\t\t\t\t\t\t\t\t\t\t\t<img loading=\"lazy\" decoding=\"async\" width=\"640\" height=\"360\" src=\"https:\/\/fechiteme.cl\/ns\/wp-content\/uploads\/2026\/03\/ASUNCION_02-1024x576.jpeg\" class=\"attachment-large size-large wp-image-5701\" alt=\"\" srcset=\"https:\/\/fechiteme.cl\/ns\/wp-content\/uploads\/2026\/03\/ASUNCION_02-1024x576.jpeg 1024w, https:\/\/fechiteme.cl\/ns\/wp-content\/uploads\/2026\/03\/ASUNCION_02-300x169.jpeg 300w, https:\/\/fechiteme.cl\/ns\/wp-content\/uploads\/2026\/03\/ASUNCION_02-768x432.jpeg 768w, https:\/\/fechiteme.cl\/ns\/wp-content\/uploads\/2026\/03\/ASUNCION_02-1536x864.jpeg 1536w, https:\/\/fechiteme.cl\/ns\/wp-content\/uploads\/2026\/03\/ASUNCION_02.jpeg 1600w\" sizes=\"(max-width: 640px) 100vw, 640px\" \/>\t\t\t\t\t\t\t\t\t\t\t\t\t\t\t<\/div>\n\t\t\t\t<\/div>\n\t\t\t\t\t<\/div>\n\t\t\t\t<\/div>\n\t\t\t\t<\/div>\n\t\t","protected":false},"excerpt":{"rendered":"<p>\u00a1COMENZ\u00d3 SUDAMERICANO DE MENORES EN ASUNCI\u00d3N! \u201cTres equipos chilenos ya est\u00e1n en cuartos de final\u201d Santiago, 15 de marzo de 2026. La selecci\u00f3n nacional inici\u00f3 con \u00e9xito su participaci\u00f3n en la modalidad por equipos del Sudamericano de Menores. Tras una s\u00f3lida fase inicial, tres representantes nacionales se mantienen firmes en la competencia y saldr\u00e1n este&#8230;<\/p>\n","protected":false},"author":1,"featured_media":5697,"comment_status":"closed","ping_status":"closed","sticky":false,"template":"","format":"standard","meta":{"footnotes":""},"categories":[2,43],"tags":[],"class_list":["post-5695","post","type-post","status-publish","format-standard","has-post-thumbnail","hentry","category-noticias","category-sudamericano-panamericanos"],"_links":{"self":[{"href":"https:\/\/fechiteme.cl\/ns\/wp-json\/wp\/v2\/posts\/5695","targetHints":{"allow":["GET"]}}],"collection":[{"href":"https:\/\/fechiteme.cl\/ns\/wp-json\/wp\/v2\/posts"}],"about":[{"href":"https:\/\/fechiteme.cl\/ns\/wp-json\/wp\/v2\/types\/post"}],"author":[{"embeddable":true,"href":"https:\/\/fechiteme.cl\/ns\/wp-json\/wp\/v2\/users\/1"}],"replies":[{"embeddable":true,"href":"https:\/\/fechiteme.cl\/ns\/wp-json\/wp\/v2\/comments?post=5695"}],"version-history":[{"count":3,"href":"https:\/\/fechiteme.cl\/ns\/wp-json\/wp\/v2\/posts\/5695\/revisions"}],"predecessor-version":[{"id":5704,"href":"https:\/\/fechiteme.cl\/ns\/wp-json\/wp\/v2\/posts\/5695\/revisions\/5704"}],"wp:featuredmedia":[{"embeddable":true,"href":"https:\/\/fechiteme.cl\/ns\/wp-json\/wp\/v2\/media\/5697"}],"wp:attachment":[{"href":"https:\/\/fechiteme.cl\/ns\/wp-json\/wp\/v2\/media?parent=5695"}],"wp:term":[{"taxonomy":"category","embeddable":true,"href":"https:\/\/fechiteme.cl\/ns\/wp-json\/wp\/v2\/categories?post=5695"},{"taxonomy":"post_tag","embeddable":true,"href":"https:\/\/fechiteme.cl\/ns\/wp-json\/wp\/v2\/tags?post=5695"}],"curies":[{"name":"wp","href":"https:\/\/api.w.org\/{rel}","templated":true}]}}