{"id":6094,"date":"2026-04-26T04:49:51","date_gmt":"2026-04-26T04:49:51","guid":{"rendered":"https:\/\/fechiteme.cl\/ns\/?p=6094"},"modified":"2026-04-26T04:54:20","modified_gmt":"2026-04-26T04:54:20","slug":"santiago-sera-la-sede-del-campeonato-sudamericano-todo-competidor-de-tenis-de-mesa-2026","status":"publish","type":"post","link":"https:\/\/fechiteme.cl\/ns\/2026\/04\/26\/santiago-sera-la-sede-del-campeonato-sudamericano-todo-competidor-de-tenis-de-mesa-2026\/","title":{"rendered":"\u00a1 SANTIAGO SER\u00c1 LA SEDE DEL CAMPEONATO SUDAMERICANO TODO COMPETIDOR DE TENIS DE MESA 2026!"},"content":{"rendered":"\t\t<div data-elementor-type=\"wp-post\" data-elementor-id=\"6094\" class=\"elementor elementor-6094\" data-elementor-post-type=\"post\">\n\t\t\t\t<div class=\"elementor-element elementor-element-4b3c8e2 e-flex e-con-boxed e-con e-parent\" data-id=\"4b3c8e2\" data-element_type=\"container\">\n\t\t\t\t\t<div class=\"e-con-inner\">\n\t\t\t\t<div class=\"elementor-element elementor-element-f5a62c0 elementor-widget elementor-widget-text-editor\" data-id=\"f5a62c0\" data-element_type=\"widget\" data-widget_type=\"text-editor.default\">\n\t\t\t\t<div class=\"elementor-widget-container\">\n\t\t\t\t\t\t\t\t\t<p><strong>\u00a1 <\/strong><strong>SANTIAGO SER\u00c1 LA SEDE DEL CAMPEONATO SUDAMERICANO TODO COMPETIDOR DE TENIS DE MESA 2026!<\/strong><\/p><p><strong>\u201c15 al 21 de Junio de 2026, Parque Estadio Nacional\u201d.\u00a0 <\/strong><\/p><p>Santiago, 26 de abril de 2026. \u00a0La Federaci\u00f3n Chilena de Tenis de Mesa (Fechiteme) se enorgullece en anunciar que el Centro de Deportes Colectivos del Parque Estadio Nacional ha sido seleccionado como la sede oficial del pr\u00f3ximo Campeonato Sudamericano Todo Competidor, que se llevar\u00e1 a cabo del 15 al 21 de junio de 2026.<\/p><p>Este evento reunir\u00e1 a la \u00e9lite del tenis de mesa continental en una competencia de alto impacto, donde los mejores exponentes de la regi\u00f3n buscar\u00e1n la gloria sudamericana y cupos clave para citas internacionales.<\/p><p><strong>\u00bfFecha del evento? <br \/><\/strong>Toda la acci\u00f3n del evento sudamericano ser\u00e1 a partir del 14 de junio con los entrenamientos oficiales y a partir del 15 comenzar\u00e1 la competencia oficial del evento sudamericano.<\/p><p><strong>\u00bfQu\u00e9 es el Centro de Deportes Colectivos? <br \/><\/strong>El\u00a0Centro de Deportes Colectivos\u00a0(o Centro de Entrenamiento y Competencias de los Deportes Colectivos &#8211; CECO) es un\u00a0moderno polideportivo de alto est\u00e1ndar ubicado en el Parque Deportivo Estadio Nacional en \u00d1u\u00f1oa, Santiago. Construido para los Juegos Panamericanos Santiago 2023, es el gimnasio de deportes colectivos m\u00e1s grande de Sudam\u00e9rica.<\/p><p><strong>Bienvenida Comit\u00e9 Organizador Local<\/strong><\/p><p>Es un honor dar la bienvenida a las delegaciones al <strong>Campeonato Sudamericano Todo Competidor Chile 2026<\/strong>. Recibirlos en el Centro de Deportes Colectivos del Parque Estadio Nacional nos permite reafirmar el compromiso de nuestro pa\u00eds con la excelencia deportiva en la regi\u00f3n.<\/p><p>Este torneo no solo representa la b\u00fasqueda de la gloria continental y la clasificaci\u00f3n a las Copas del Mundo, sino tambi\u00e9n una oportunidad para fortalecer los lazos de hermandad a trav\u00e9s del Tenis de Mesa. Invitamos a toda la comunidad a ser parte de esta fiesta y a vibrar con el talento de los mejores exponentes de Sudam\u00e9rica.<\/p><p><strong>\u00a1Bienvenidos a Santiago, bienvenidos a la fiesta del Tenis de Mesa!<\/strong><\/p><p><b>Ver m\u00e1s informaci\u00f3n:\u00a0<\/b><a href=\"https:\/\/fechiteme.cl\/ns\/sudamericano-todo-competidor-chile-2026\/\">https:\/\/fechiteme.cl\/ns\/sudamericano-todo-competidor-chile-2026\/<\/a><\/p><p><strong>\u00a1Vamos por m\u00e1s!<\/strong><br \/>\u00a0Juntos, podemos lograr grandes cosas. #TenisDeMesa #Federaci\u00f3nChilenaDeTenisDeMesa#Fechiteme<\/p>\t\t\t\t\t\t\t\t<\/div>\n\t\t\t\t<\/div>\n\t\t\t\t\t<\/div>\n\t\t\t\t<\/div>\n\t\t<div class=\"elementor-element elementor-element-eb149d4 e-flex e-con-boxed e-con e-parent\" data-id=\"eb149d4\" data-element_type=\"container\">\n\t\t\t\t\t<div class=\"e-con-inner\">\n\t\t\t\t<div class=\"elementor-element elementor-element-52a7d14 elementor-widget elementor-widget-image\" data-id=\"52a7d14\" data-element_type=\"widget\" data-widget_type=\"image.default\">\n\t\t\t\t<div class=\"elementor-widget-container\">\n\t\t\t\t\t\t\t\t\t\t\t\t\t\t\t<img fetchpriority=\"high\" decoding=\"async\" width=\"640\" height=\"443\" src=\"https:\/\/fechiteme.cl\/ns\/wp-content\/uploads\/2025\/12\/12-1-1024x709.jpg\" class=\"attachment-large size-large wp-image-5140\" alt=\"\" srcset=\"https:\/\/fechiteme.cl\/ns\/wp-content\/uploads\/2025\/12\/12-1-1024x709.jpg 1024w, https:\/\/fechiteme.cl\/ns\/wp-content\/uploads\/2025\/12\/12-1-300x208.jpg 300w, https:\/\/fechiteme.cl\/ns\/wp-content\/uploads\/2025\/12\/12-1-768x532.jpg 768w, https:\/\/fechiteme.cl\/ns\/wp-content\/uploads\/2025\/12\/12-1-1536x1063.jpg 1536w, https:\/\/fechiteme.cl\/ns\/wp-content\/uploads\/2025\/12\/12-1.jpg 2047w\" sizes=\"(max-width: 640px) 100vw, 640px\" \/>\t\t\t\t\t\t\t\t\t\t\t\t\t\t\t<\/div>\n\t\t\t\t<\/div>\n\t\t\t\t<div class=\"elementor-element elementor-element-1d50185 elementor-widget elementor-widget-image\" data-id=\"1d50185\" data-element_type=\"widget\" data-widget_type=\"image.default\">\n\t\t\t\t<div class=\"elementor-widget-container\">\n\t\t\t\t\t\t\t\t\t\t\t\t\t\t\t<img decoding=\"async\" width=\"640\" height=\"445\" src=\"https:\/\/fechiteme.cl\/ns\/wp-content\/uploads\/2025\/12\/9-1024x712.jpg\" class=\"attachment-large size-large wp-image-5133\" alt=\"\" srcset=\"https:\/\/fechiteme.cl\/ns\/wp-content\/uploads\/2025\/12\/9-1024x712.jpg 1024w, https:\/\/fechiteme.cl\/ns\/wp-content\/uploads\/2025\/12\/9-300x209.jpg 300w, https:\/\/fechiteme.cl\/ns\/wp-content\/uploads\/2025\/12\/9-768x534.jpg 768w, https:\/\/fechiteme.cl\/ns\/wp-content\/uploads\/2025\/12\/9-1536x1068.jpg 1536w, https:\/\/fechiteme.cl\/ns\/wp-content\/uploads\/2025\/12\/9.jpg 2048w\" sizes=\"(max-width: 640px) 100vw, 640px\" \/>\t\t\t\t\t\t\t\t\t\t\t\t\t\t\t<\/div>\n\t\t\t\t<\/div>\n\t\t\t\t\t<\/div>\n\t\t\t\t<\/div>\n\t\t\t\t<\/div>\n\t\t","protected":false},"excerpt":{"rendered":"<p>\u00a1 SANTIAGO SER\u00c1 LA SEDE DEL CAMPEONATO SUDAMERICANO TODO COMPETIDOR DE TENIS DE MESA 2026! \u201c15 al 21 de Junio de 2026, Parque Estadio Nacional\u201d.\u00a0 Santiago, 26 de abril de 2026. \u00a0La Federaci\u00f3n Chilena de Tenis de Mesa (Fechiteme) se enorgullece en anunciar que el Centro de Deportes Colectivos del Parque Estadio Nacional ha sido&#8230;<\/p>\n","protected":false},"author":1,"featured_media":5926,"comment_status":"closed","ping_status":"closed","sticky":false,"template":"","format":"standard","meta":{"footnotes":""},"categories":[47,2],"tags":[],"class_list":["post-6094","post","type-post","status-publish","format-standard","has-post-thumbnail","hentry","category-campeonato-sudamericano-adulto-2026","category-noticias"],"_links":{"self":[{"href":"https:\/\/fechiteme.cl\/ns\/wp-json\/wp\/v2\/posts\/6094","targetHints":{"allow":["GET"]}}],"collection":[{"href":"https:\/\/fechiteme.cl\/ns\/wp-json\/wp\/v2\/posts"}],"about":[{"href":"https:\/\/fechiteme.cl\/ns\/wp-json\/wp\/v2\/types\/post"}],"author":[{"embeddable":true,"href":"https:\/\/fechiteme.cl\/ns\/wp-json\/wp\/v2\/users\/1"}],"replies":[{"embeddable":true,"href":"https:\/\/fechiteme.cl\/ns\/wp-json\/wp\/v2\/comments?post=6094"}],"version-history":[{"count":4,"href":"https:\/\/fechiteme.cl\/ns\/wp-json\/wp\/v2\/posts\/6094\/revisions"}],"predecessor-version":[{"id":6098,"href":"https:\/\/fechiteme.cl\/ns\/wp-json\/wp\/v2\/posts\/6094\/revisions\/6098"}],"wp:featuredmedia":[{"embeddable":true,"href":"https:\/\/fechiteme.cl\/ns\/wp-json\/wp\/v2\/media\/5926"}],"wp:attachment":[{"href":"https:\/\/fechiteme.cl\/ns\/wp-json\/wp\/v2\/media?parent=6094"}],"wp:term":[{"taxonomy":"category","embeddable":true,"href":"https:\/\/fechiteme.cl\/ns\/wp-json\/wp\/v2\/categories?post=6094"},{"taxonomy":"post_tag","embeddable":true,"href":"https:\/\/fechiteme.cl\/ns\/wp-json\/wp\/v2\/tags?post=6094"}],"curies":[{"name":"wp","href":"https:\/\/api.w.org\/{rel}","templated":true}]}}