{"id":6109,"date":"2026-04-27T01:04:34","date_gmt":"2026-04-27T01:04:34","guid":{"rendered":"https:\/\/fechiteme.cl\/ns\/?p=6109"},"modified":"2026-04-27T01:13:46","modified_gmt":"2026-04-27T01:13:46","slug":"seleccion-chilena-de-tenis-de-mesa-arriba-a-londres-para-disputar-el-campeonato-mundial-adulto-2026","status":"publish","type":"post","link":"https:\/\/fechiteme.cl\/ns\/2026\/04\/27\/seleccion-chilena-de-tenis-de-mesa-arriba-a-londres-para-disputar-el-campeonato-mundial-adulto-2026\/","title":{"rendered":"\u00a1 SELECCI\u00d3N CHILENA DE TENIS DE MESA ARRIBA A LONDRES PARA DISPUTAR EL CAMPEONATO MUNDIAL ADULTO 2026!"},"content":{"rendered":"\t\t<div data-elementor-type=\"wp-post\" data-elementor-id=\"6109\" class=\"elementor elementor-6109\" data-elementor-post-type=\"post\">\n\t\t\t\t<div class=\"elementor-element elementor-element-bf82bff e-flex e-con-boxed e-con e-parent\" data-id=\"bf82bff\" data-element_type=\"container\">\n\t\t\t\t\t<div class=\"e-con-inner\">\n\t\t\t\t<div class=\"elementor-element elementor-element-8cae505 elementor-widget elementor-widget-text-editor\" data-id=\"8cae505\" data-element_type=\"widget\" data-widget_type=\"text-editor.default\">\n\t\t\t\t<div class=\"elementor-widget-container\">\n\t\t\t\t\t\t\t\t\t<p><strong>\u00a1 <\/strong><strong>SELECCI\u00d3N CHILENA DE TENIS DE MESA ARRIBA A LONDRES PARA DISPUTAR EL CAMPEONATO MUNDIAL ADULTO 2026!<\/strong><\/p><p><strong>\u201cDesde el pr\u00f3ximo 28 de abril en adelante\u201d.\u00a0 <\/strong><\/p><p>Santiago, 26 de abril de 2026. \u00a0La selecci\u00f3n nacional de Tenis de Mesa, en su categor\u00eda Todo Competidor, est\u00e1 lista para representar al pa\u00eds en la cita m\u00e1xima de la disciplina. La delegaci\u00f3n nacional arribar\u00e1 este lunes 27 de abril a la ciudad de Londres para participar en el Campeonato Mundial de Tenis de Mesa 2026, el evento m\u00e1s relevante del calendario internacional.<\/p><p>Tras una exitosa campa\u00f1a en los procesos clasificatorios a nivel Panamericano, el equipo chileno llega a la capital brit\u00e1nica para medirse ante la \u00e9lite global. El torneo se llevar\u00e1 a cabo entre el <strong>28 de abril y el 10 de mayo<\/strong> en el prestigioso <strong>OVO Arena Wembley<\/strong>, escenario que recibir\u00e1 a los mejores exponentes del mundo.<\/p><p><strong>Delegaci\u00f3n Chilena. <\/strong><\/p><p>El equipo chileno est\u00e1 conformado por ocho deportistas que combinan la experiencia de figuras consagradas con la proyecci\u00f3n de nuevos talentos, asegurando una representaci\u00f3n competitiva en el evento.<\/p><ul><li><strong>Selecci\u00f3n Femenina:<\/strong> Daniela Ortega, Tania Zeng y Sof\u00eda Vega.<\/li><li><strong>Selecci\u00f3n Masculina:<\/strong> Gustavo G\u00f3mez, Felipe Olivares, Eusebio Vos,<\/li><li><strong>T\u00e9cnico:<\/strong> Jos\u00e9 Luis Urrutia y Marcelo Fern\u00e1ndez.<\/li><\/ul><p><strong>Camino al Mundial 2026. <\/strong><\/p><p>La participaci\u00f3n en este Mundial es el resultado de un riguroso ciclo de preparaci\u00f3n y \u00e9xito continental. Para Chile, esta cita en Londres no solo representa un desaf\u00edo deportivo, sino la oportunidad de consolidar el crecimiento sostenido que el tenis de mesa nacional ha mostrado en el concierto internacional durante los \u00faltimos a\u00f1os.<\/p><p>La competencia oficial iniciar\u00e1 este martes 28 de abril, marcando el inicio de dos semanas de alta intensidad donde los seleccionados nacionales buscar\u00e1n dejar la bandera chilena en lo m\u00e1s alto del ranking mundial.<\/p><p>Link Campeonato Mundial: <a href=\"https:\/\/www.ittf.com\/2026\/04\/16\/the-media-guide-is-now-available-for-the-ittf-world-championships-finals-london-2026-presented-by-acn\/\">https:\/\/www.ittf.com\/2026\/04\/16\/the-media-guide-is-now-available-for-the-ittf-world-championships-finals-london-2026-presented-by-acn\/<\/a><\/p><p>Link Campeonato Mundial \u2013 resultados: <a href=\"https:\/\/www.worldtabletennis.com\/teamseventInfo?selectedTab=Teams&amp;eventId=3216\">https:\/\/www.worldtabletennis.com\/teamseventInfo?selectedTab=Teams&amp;eventId=3216<\/a><\/p><p><strong>\u00a0<\/strong><strong>\u00a1Vamos por m\u00e1s!<\/strong><br \/>\u00a0Juntos, podemos lograr grandes cosas. #TenisDeMesa #Federaci\u00f3nChilenaDeTenisDeMesa#Fechiteme<\/p>\t\t\t\t\t\t\t\t<\/div>\n\t\t\t\t<\/div>\n\t\t\t\t\t<\/div>\n\t\t\t\t<\/div>\n\t\t<div class=\"elementor-element elementor-element-6a334b6 e-flex e-con-boxed e-con e-parent\" data-id=\"6a334b6\" data-element_type=\"container\">\n\t\t\t\t\t<div class=\"e-con-inner\">\n\t\t\t\t<div class=\"elementor-element elementor-element-1e68b77 elementor-widget elementor-widget-video\" data-id=\"1e68b77\" data-element_type=\"widget\" data-settings=\"{&quot;youtube_url&quot;:&quot;https:\\\/\\\/youtu.be\\\/3VKYIJu3Rko?si=RqudIhwu6ybOXGai&quot;,&quot;video_type&quot;:&quot;youtube&quot;,&quot;controls&quot;:&quot;yes&quot;}\" data-widget_type=\"video.default\">\n\t\t\t\t<div class=\"elementor-widget-container\">\n\t\t\t\t\t\t\t<div class=\"elementor-wrapper elementor-open-inline\">\n\t\t\t<div class=\"elementor-video\"><\/div>\t\t<\/div>\n\t\t\t\t\t\t<\/div>\n\t\t\t\t<\/div>\n\t\t\t\t\t<\/div>\n\t\t\t\t<\/div>\n\t\t<div class=\"elementor-element elementor-element-c58a124 e-flex e-con-boxed e-con e-parent\" data-id=\"c58a124\" data-element_type=\"container\">\n\t\t\t\t\t<div class=\"e-con-inner\">\n\t\t\t\t<div class=\"elementor-element elementor-element-9e737d8 elementor-widget elementor-widget-image\" data-id=\"9e737d8\" data-element_type=\"widget\" data-widget_type=\"image.default\">\n\t\t\t\t<div class=\"elementor-widget-container\">\n\t\t\t\t\t\t\t\t\t\t\t\t\t\t\t<img fetchpriority=\"high\" decoding=\"async\" width=\"640\" height=\"800\" src=\"https:\/\/fechiteme.cl\/ns\/wp-content\/uploads\/2026\/04\/1-819x1024.png\" class=\"attachment-large size-large wp-image-6115\" alt=\"\" srcset=\"https:\/\/fechiteme.cl\/ns\/wp-content\/uploads\/2026\/04\/1-819x1024.png 819w, https:\/\/fechiteme.cl\/ns\/wp-content\/uploads\/2026\/04\/1-240x300.png 240w, https:\/\/fechiteme.cl\/ns\/wp-content\/uploads\/2026\/04\/1-768x960.png 768w, https:\/\/fechiteme.cl\/ns\/wp-content\/uploads\/2026\/04\/1.png 1080w\" sizes=\"(max-width: 640px) 100vw, 640px\" \/>\t\t\t\t\t\t\t\t\t\t\t\t\t\t\t<\/div>\n\t\t\t\t<\/div>\n\t\t\t\t<div class=\"elementor-element elementor-element-156637c elementor-widget elementor-widget-image\" data-id=\"156637c\" data-element_type=\"widget\" data-widget_type=\"image.default\">\n\t\t\t\t<div class=\"elementor-widget-container\">\n\t\t\t\t\t\t\t\t\t\t\t\t\t\t\t<img decoding=\"async\" width=\"640\" height=\"800\" src=\"https:\/\/fechiteme.cl\/ns\/wp-content\/uploads\/2026\/04\/2-819x1024.png\" class=\"attachment-large size-large wp-image-6116\" alt=\"\" srcset=\"https:\/\/fechiteme.cl\/ns\/wp-content\/uploads\/2026\/04\/2-819x1024.png 819w, https:\/\/fechiteme.cl\/ns\/wp-content\/uploads\/2026\/04\/2-240x300.png 240w, https:\/\/fechiteme.cl\/ns\/wp-content\/uploads\/2026\/04\/2-768x960.png 768w, https:\/\/fechiteme.cl\/ns\/wp-content\/uploads\/2026\/04\/2.png 1080w\" sizes=\"(max-width: 640px) 100vw, 640px\" \/>\t\t\t\t\t\t\t\t\t\t\t\t\t\t\t<\/div>\n\t\t\t\t<\/div>\n\t\t\t\t\t<\/div>\n\t\t\t\t<\/div>\n\t\t\t\t<\/div>\n\t\t","protected":false},"excerpt":{"rendered":"<p>\u00a1 SELECCI\u00d3N CHILENA DE TENIS DE MESA ARRIBA A LONDRES PARA DISPUTAR EL CAMPEONATO MUNDIAL ADULTO 2026! \u201cDesde el pr\u00f3ximo 28 de abril en adelante\u201d.\u00a0 Santiago, 26 de abril de 2026. \u00a0La selecci\u00f3n nacional de Tenis de Mesa, en su categor\u00eda Todo Competidor, est\u00e1 lista para representar al pa\u00eds en la cita m\u00e1xima de la&#8230;<\/p>\n","protected":false},"author":1,"featured_media":6110,"comment_status":"closed","ping_status":"closed","sticky":false,"template":"","format":"standard","meta":{"footnotes":""},"categories":[47,2],"tags":[],"class_list":["post-6109","post","type-post","status-publish","format-standard","has-post-thumbnail","hentry","category-campeonato-sudamericano-adulto-2026","category-noticias"],"_links":{"self":[{"href":"https:\/\/fechiteme.cl\/ns\/wp-json\/wp\/v2\/posts\/6109","targetHints":{"allow":["GET"]}}],"collection":[{"href":"https:\/\/fechiteme.cl\/ns\/wp-json\/wp\/v2\/posts"}],"about":[{"href":"https:\/\/fechiteme.cl\/ns\/wp-json\/wp\/v2\/types\/post"}],"author":[{"embeddable":true,"href":"https:\/\/fechiteme.cl\/ns\/wp-json\/wp\/v2\/users\/1"}],"replies":[{"embeddable":true,"href":"https:\/\/fechiteme.cl\/ns\/wp-json\/wp\/v2\/comments?post=6109"}],"version-history":[{"count":6,"href":"https:\/\/fechiteme.cl\/ns\/wp-json\/wp\/v2\/posts\/6109\/revisions"}],"predecessor-version":[{"id":6119,"href":"https:\/\/fechiteme.cl\/ns\/wp-json\/wp\/v2\/posts\/6109\/revisions\/6119"}],"wp:featuredmedia":[{"embeddable":true,"href":"https:\/\/fechiteme.cl\/ns\/wp-json\/wp\/v2\/media\/6110"}],"wp:attachment":[{"href":"https:\/\/fechiteme.cl\/ns\/wp-json\/wp\/v2\/media?parent=6109"}],"wp:term":[{"taxonomy":"category","embeddable":true,"href":"https:\/\/fechiteme.cl\/ns\/wp-json\/wp\/v2\/categories?post=6109"},{"taxonomy":"post_tag","embeddable":true,"href":"https:\/\/fechiteme.cl\/ns\/wp-json\/wp\/v2\/tags?post=6109"}],"curies":[{"name":"wp","href":"https:\/\/api.w.org\/{rel}","templated":true}]}}