{"id":6784,"date":"2026-08-31T20:59:26","date_gmt":"2026-08-31T20:59:26","guid":{"rendered":"https:\/\/fechiteme.cl\/ns\/?p=6784"},"modified":"2026-08-31T21:03:04","modified_gmt":"2026-08-31T21:03:04","slug":"bronce-en-panamericano-juvenil","status":"publish","type":"post","link":"https:\/\/fechiteme.cl\/ns\/2026\/08\/31\/bronce-en-panamericano-juvenil\/","title":{"rendered":"\u00a1 BRONCE EN PANAMERICANO JUVENIL!"},"content":{"rendered":"\t\t<div data-elementor-type=\"wp-post\" data-elementor-id=\"6784\" class=\"elementor elementor-6784\" data-elementor-post-type=\"post\">\n\t\t\t\t<div class=\"elementor-element elementor-element-9dde4a5 e-flex e-con-boxed e-con e-parent\" data-id=\"9dde4a5\" data-element_type=\"container\">\n\t\t\t\t\t<div class=\"e-con-inner\">\n\t\t\t\t<div class=\"elementor-element elementor-element-03d5b34 elementor-widget elementor-widget-text-editor\" data-id=\"03d5b34\" data-element_type=\"widget\" data-widget_type=\"text-editor.default\">\n\t\t\t\t<div class=\"elementor-widget-container\">\n\t\t\t\t\t\t\t\t\t<p><strong>\u00a1<\/strong> <strong>BRONCE EN PANAMERICANO JUVENIL!<\/strong><\/p><p><strong>Santiago, 31 de agosto de 2026. <\/strong>Finaliz\u00f3 con \u00e9xito el Campeonato Panamericano Juvenil en Ciudad de Guatemala, donde la delegaci\u00f3n nacional brill\u00f3 al conquistar una hist\u00f3rica medalla de bronce en la categor\u00eda dobles damas, gracias a la destacada participaci\u00f3n de la dupla integrada por <strong>Catalina Ram\u00edrez y Martina R\u00edos<\/strong>. Asimismo, en la prueba por equipos, el combinado nacional se posicion\u00f3 entre los ocho mejores del continente (cuartos de final) de un certamen que congreg\u00f3 a los mejores exponentes clasificados desde sus etapas previas, como el Campeonato Sudamericano Juvenil de Brasil.<\/p><p>La presea de bronce se sell\u00f3 tras una s\u00f3lida victoria ante la pareja de Brasil compuesta por Fiore y Shiray, a quienes vencieron por 3-0. En las semifinales, las chilenas cayeron por 3-0 ante Moyland y Ma, dupla que posteriormente se consagr\u00f3 como campeona de la prueba de dobles damas juvenil.<\/p><p><strong>Delegaci\u00f3n <\/strong><br \/>Catalina Ram\u00edrez<br \/>Martina R\u00edos<br \/>Isidora Barrios<br \/>Agustina Urrutia<br \/>T\u00e9cnico: Marcos N\u00fa\u00f1ez.<\/p><p>\u00a1Felicitaciones a todo el equipo juvenil por su gran cometido en Guatemala!<\/p><p>Conoce m\u00e1s detalles en: <a href=\"https:\/\/www.ittf.com\/tournament\/3410\/ITTF%20Pan%20American%20Youth%20Championships%202025\/\">ITTF Pan American Youth Championships<\/a><\/p><p>\u00a0<strong>\u00a1Vamos por m\u00e1s!<\/strong> <br \/>Juntos podemos lograr grandes cosas.<br \/>#TenisDeMesa #Federaci\u00f3nChilenaDeTenisDeMesa #Fechiteme #Coaniquem<\/p>\t\t\t\t\t\t\t\t<\/div>\n\t\t\t\t<\/div>\n\t\t\t\t\t<\/div>\n\t\t\t\t<\/div>\n\t\t<div class=\"elementor-element elementor-element-54a14ab e-flex e-con-boxed e-con e-parent\" data-id=\"54a14ab\" data-element_type=\"container\">\n\t\t\t\t\t<div class=\"e-con-inner\">\n\t\t\t\t<div class=\"elementor-element elementor-element-6f63eab elementor-widget elementor-widget-image\" data-id=\"6f63eab\" data-element_type=\"widget\" data-widget_type=\"image.default\">\n\t\t\t\t<div class=\"elementor-widget-container\">\n\t\t\t\t\t\t\t\t\t\t\t\t\t\t\t<img fetchpriority=\"high\" decoding=\"async\" width=\"640\" height=\"800\" src=\"https:\/\/fechiteme.cl\/ns\/wp-content\/uploads\/2026\/08\/1-1-819x1024.png\" class=\"attachment-large size-large wp-image-6785\" alt=\"\" srcset=\"https:\/\/fechiteme.cl\/ns\/wp-content\/uploads\/2026\/08\/1-1-819x1024.png 819w, https:\/\/fechiteme.cl\/ns\/wp-content\/uploads\/2026\/08\/1-1-240x300.png 240w, https:\/\/fechiteme.cl\/ns\/wp-content\/uploads\/2026\/08\/1-1-768x960.png 768w, https:\/\/fechiteme.cl\/ns\/wp-content\/uploads\/2026\/08\/1-1.png 1080w\" sizes=\"(max-width: 640px) 100vw, 640px\" \/>\t\t\t\t\t\t\t\t\t\t\t\t\t\t\t<\/div>\n\t\t\t\t<\/div>\n\t\t\t\t<div class=\"elementor-element elementor-element-035eed4 elementor-widget elementor-widget-image\" data-id=\"035eed4\" data-element_type=\"widget\" data-widget_type=\"image.default\">\n\t\t\t\t<div class=\"elementor-widget-container\">\n\t\t\t\t\t\t\t\t\t\t\t\t\t\t\t<img decoding=\"async\" width=\"640\" height=\"800\" src=\"https:\/\/fechiteme.cl\/ns\/wp-content\/uploads\/2026\/08\/3-1-819x1024.png\" class=\"attachment-large size-large wp-image-6787\" alt=\"\" srcset=\"https:\/\/fechiteme.cl\/ns\/wp-content\/uploads\/2026\/08\/3-1-819x1024.png 819w, https:\/\/fechiteme.cl\/ns\/wp-content\/uploads\/2026\/08\/3-1-240x300.png 240w, https:\/\/fechiteme.cl\/ns\/wp-content\/uploads\/2026\/08\/3-1-768x960.png 768w, https:\/\/fechiteme.cl\/ns\/wp-content\/uploads\/2026\/08\/3-1.png 1080w\" sizes=\"(max-width: 640px) 100vw, 640px\" \/>\t\t\t\t\t\t\t\t\t\t\t\t\t\t\t<\/div>\n\t\t\t\t<\/div>\n\t\t\t\t<div class=\"elementor-element elementor-element-e14cdb1 elementor-widget elementor-widget-image\" data-id=\"e14cdb1\" data-element_type=\"widget\" data-widget_type=\"image.default\">\n\t\t\t\t<div class=\"elementor-widget-container\">\n\t\t\t\t\t\t\t\t\t\t\t\t\t\t\t<img decoding=\"async\" width=\"640\" height=\"800\" src=\"https:\/\/fechiteme.cl\/ns\/wp-content\/uploads\/2026\/08\/2-1-819x1024.png\" class=\"attachment-large size-large wp-image-6786\" alt=\"\" srcset=\"https:\/\/fechiteme.cl\/ns\/wp-content\/uploads\/2026\/08\/2-1-819x1024.png 819w, https:\/\/fechiteme.cl\/ns\/wp-content\/uploads\/2026\/08\/2-1-240x300.png 240w, https:\/\/fechiteme.cl\/ns\/wp-content\/uploads\/2026\/08\/2-1-768x960.png 768w, https:\/\/fechiteme.cl\/ns\/wp-content\/uploads\/2026\/08\/2-1.png 1080w\" sizes=\"(max-width: 640px) 100vw, 640px\" \/>\t\t\t\t\t\t\t\t\t\t\t\t\t\t\t<\/div>\n\t\t\t\t<\/div>\n\t\t\t\t\t<\/div>\n\t\t\t\t<\/div>\n\t\t\t\t<\/div>\n\t\t","protected":false},"excerpt":{"rendered":"<p>\u00a1 BRONCE EN PANAMERICANO JUVENIL! Santiago, 31 de agosto de 2026. Finaliz\u00f3 con \u00e9xito el Campeonato Panamericano Juvenil en Ciudad de Guatemala, donde la delegaci\u00f3n nacional brill\u00f3 al conquistar una hist\u00f3rica medalla de bronce en la categor\u00eda dobles damas, gracias a la destacada participaci\u00f3n de la dupla integrada por Catalina Ram\u00edrez y Martina R\u00edos. Asimismo,&#8230;<\/p>\n","protected":false},"author":1,"featured_media":6786,"comment_status":"closed","ping_status":"closed","sticky":false,"template":"","format":"standard","meta":{"footnotes":""},"categories":[43],"tags":[],"class_list":["post-6784","post","type-post","status-publish","format-standard","has-post-thumbnail","hentry","category-sudamericano-panamericanos"],"_links":{"self":[{"href":"https:\/\/fechiteme.cl\/ns\/wp-json\/wp\/v2\/posts\/6784","targetHints":{"allow":["GET"]}}],"collection":[{"href":"https:\/\/fechiteme.cl\/ns\/wp-json\/wp\/v2\/posts"}],"about":[{"href":"https:\/\/fechiteme.cl\/ns\/wp-json\/wp\/v2\/types\/post"}],"author":[{"embeddable":true,"href":"https:\/\/fechiteme.cl\/ns\/wp-json\/wp\/v2\/users\/1"}],"replies":[{"embeddable":true,"href":"https:\/\/fechiteme.cl\/ns\/wp-json\/wp\/v2\/comments?post=6784"}],"version-history":[{"count":6,"href":"https:\/\/fechiteme.cl\/ns\/wp-json\/wp\/v2\/posts\/6784\/revisions"}],"predecessor-version":[{"id":6793,"href":"https:\/\/fechiteme.cl\/ns\/wp-json\/wp\/v2\/posts\/6784\/revisions\/6793"}],"wp:featuredmedia":[{"embeddable":true,"href":"https:\/\/fechiteme.cl\/ns\/wp-json\/wp\/v2\/media\/6786"}],"wp:attachment":[{"href":"https:\/\/fechiteme.cl\/ns\/wp-json\/wp\/v2\/media?parent=6784"}],"wp:term":[{"taxonomy":"category","embeddable":true,"href":"https:\/\/fechiteme.cl\/ns\/wp-json\/wp\/v2\/categories?post=6784"},{"taxonomy":"post_tag","embeddable":true,"href":"https:\/\/fechiteme.cl\/ns\/wp-json\/wp\/v2\/tags?post=6784"}],"curies":[{"name":"wp","href":"https:\/\/api.w.org\/{rel}","templated":true}]}}