{"id":6795,"date":"2026-08-31T21:04:35","date_gmt":"2026-08-31T21:04:35","guid":{"rendered":"https:\/\/fechiteme.cl\/ns\/?p=6795"},"modified":"2026-08-31T21:17:50","modified_gmt":"2026-08-31T21:17:50","slug":"gran-zonal-2026-san-joaquin","status":"publish","type":"post","link":"https:\/\/fechiteme.cl\/ns\/2026\/08\/31\/gran-zonal-2026-san-joaquin\/","title":{"rendered":"GRAN ZONAL 2026 &#8211; SAN JOAQU\u00cdN"},"content":{"rendered":"\t\t<div data-elementor-type=\"wp-post\" data-elementor-id=\"6795\" class=\"elementor elementor-6795\" data-elementor-post-type=\"post\">\n\t\t\t\t<div class=\"elementor-element elementor-element-85d4883 e-flex e-con-boxed e-con e-parent\" data-id=\"85d4883\" data-element_type=\"container\">\n\t\t\t\t\t<div class=\"e-con-inner\">\n\t\t<div class=\"elementor-element elementor-element-1a12abc e-con-full e-flex e-con e-child\" data-id=\"1a12abc\" data-element_type=\"container\">\n\t\t\t\t<div class=\"elementor-element elementor-element-5f2b8b7 elementor-widget elementor-widget-heading\" data-id=\"5f2b8b7\" data-element_type=\"widget\" data-widget_type=\"heading.default\">\n\t\t\t\t<div class=\"elementor-widget-container\">\n\t\t\t\t\t<h2 class=\"elementor-heading-title elementor-size-default\">GRAN ZONAL 2026 - SAN JOAQU\u00cdN<\/h2>\t\t\t\t<\/div>\n\t\t\t\t<\/div>\n\t\t\t\t<\/div>\n\t\t\t\t\t<\/div>\n\t\t\t\t<\/div>\n\t\t<div class=\"elementor-element elementor-element-2527bb3 e-flex e-con-boxed e-con e-parent\" data-id=\"2527bb3\" data-element_type=\"container\">\n\t\t\t\t\t<div class=\"e-con-inner\">\n\t\t<div class=\"elementor-element elementor-element-b0b8bd1 e-con-full e-flex e-con e-child\" data-id=\"b0b8bd1\" data-element_type=\"container\">\n\t\t\t\t<div class=\"elementor-element elementor-element-b5923f2 elementor-widget elementor-widget-text-editor\" data-id=\"b5923f2\" data-element_type=\"widget\" data-widget_type=\"text-editor.default\">\n\t\t\t\t<div class=\"elementor-widget-container\">\n\t\t\t\t\t\t\t\t\t<p><strong>Informaci\u00f3n<em> Gran Zonal 2026 &#8211; San Joaqu\u00edn (26-27 de Septiembre)<\/em><\/strong><\/p><ul><li><strong>Gran Zonal 2026 &#8211; San Joaqu\u00edn &#8211; BASES OFICIALES (PDF) <\/strong><em>\/ Actualizado: 31.08.2026<\/em><\/li><li>Reglamento Decreto N\u00b0 22<\/li><li>Sorteo y resultados del evento en MVP &#8211; <a href=\"https:\/\/beta.torneos-mvp.com\/torneos\/1799\/inscripciones\/\">https:\/\/beta.torneos-mvp.com\/torneos\/1692\u00a0<\/a><\/li><li><a href=\"https:\/\/fechiteme.cl\/ns\/normativa-2026\/\" target=\"_blank\" rel=\"noopener\">Listado Entrenadores Acreditados<\/a><\/li><li><strong>PROGRAMACI\u00d3N (PDF)<\/strong><\/li><li><a href=\"https:\/\/www.flickr.com\/photos\/202861364@N07\/albums\/\">Fotograf\u00edas de los eventos nacionales FECHITEME<\/a><\/li><\/ul><p><u>M\u00e1s informaci\u00f3n<\/u><\/p><p><strong>Lugar:<\/strong> Gimnasio Municipal de San Joaqu\u00edn<em> (Sierra Bella 2888, San Joaqu\u00edn, RM).<\/em><\/p><p><strong>Fecha:<\/strong>\u00a0 26 y 27 de septiembre de 2026<\/p><p><strong>Organizador: <\/strong>Federaci\u00f3n Chilena de Tenis de Mesa \/ Asociaci\u00f3n Deportiva Local San Joaqu\u00edn<\/p><p><strong>Categor\u00eda: <\/strong>Todas las categor\u00edas<\/p><p><em><strong>Pruebas: <\/strong>Individual Damas,\u00a0Individual Varones.\u00a0\u00a0<\/em><\/p><p><strong>Plazo de inscripci\u00f3n:<\/strong>\u00a0<strong>MIERCOLES 16 DE SEPTIEMBRE<\/strong><\/p><p><strong>Plataforma de Inscripci\u00f3n:<\/strong> TORNEOS MVP<\/p><p><strong>Mesa de Control: Por confirmar.<\/strong><\/p><p><strong>Reglamentos Eventos 2026 <a href=\"https:\/\/fechiteme.cl\/ns\/normativa-2026\/\">aqu\u00ed&gt;&gt;&gt;&gt;&gt;&gt;&gt;<\/a><\/strong><\/p><p><em><span style=\"text-decoration: underline;\"><strong>FOTOGRAF\u00cdAS:<\/strong><\/span> La autorizaci\u00f3n para la toma de fotograf\u00edas y videos se har\u00e1 en base a al normativa para estos efectos.<\/em><\/p><p><a href=\"https:\/\/fechiteme.cl\/ns\/normativa-2026\/\"><em> https:\/\/fechiteme.cl\/ns\/normativa-2026\/\u00a0<\/em><\/a><\/p>\t\t\t\t\t\t\t\t<\/div>\n\t\t\t\t<\/div>\n\t\t\t\t<\/div>\n\t\t\t\t\t<\/div>\n\t\t\t\t<\/div>\n\t\t\t\t<\/div>\n\t\t","protected":false},"excerpt":{"rendered":"<p>GRAN ZONAL 2026 &#8211; SAN JOAQU\u00cdN Informaci\u00f3n Gran Zonal 2026 &#8211; San Joaqu\u00edn (26-27 de Septiembre) Gran Zonal 2026 &#8211; San Joaqu\u00edn &#8211; BASES OFICIALES (PDF) \/ Actualizado: 31.08.2026 Reglamento Decreto N\u00b0 22 Sorteo y resultados del evento en MVP &#8211; https:\/\/beta.torneos-mvp.com\/torneos\/1692\u00a0 Listado Entrenadores Acreditados PROGRAMACI\u00d3N (PDF) Fotograf\u00edas de los eventos nacionales FECHITEME M\u00e1s informaci\u00f3n&#8230;<\/p>\n","protected":false},"author":3,"featured_media":2792,"comment_status":"closed","ping_status":"closed","sticky":false,"template":"","format":"standard","meta":{"footnotes":""},"categories":[3],"tags":[],"class_list":["post-6795","post","type-post","status-publish","format-standard","has-post-thumbnail","hentry","category-bases-e-informativos"],"_links":{"self":[{"href":"https:\/\/fechiteme.cl\/ns\/wp-json\/wp\/v2\/posts\/6795","targetHints":{"allow":["GET"]}}],"collection":[{"href":"https:\/\/fechiteme.cl\/ns\/wp-json\/wp\/v2\/posts"}],"about":[{"href":"https:\/\/fechiteme.cl\/ns\/wp-json\/wp\/v2\/types\/post"}],"author":[{"embeddable":true,"href":"https:\/\/fechiteme.cl\/ns\/wp-json\/wp\/v2\/users\/3"}],"replies":[{"embeddable":true,"href":"https:\/\/fechiteme.cl\/ns\/wp-json\/wp\/v2\/comments?post=6795"}],"version-history":[{"count":4,"href":"https:\/\/fechiteme.cl\/ns\/wp-json\/wp\/v2\/posts\/6795\/revisions"}],"predecessor-version":[{"id":6800,"href":"https:\/\/fechiteme.cl\/ns\/wp-json\/wp\/v2\/posts\/6795\/revisions\/6800"}],"wp:featuredmedia":[{"embeddable":true,"href":"https:\/\/fechiteme.cl\/ns\/wp-json\/wp\/v2\/media\/2792"}],"wp:attachment":[{"href":"https:\/\/fechiteme.cl\/ns\/wp-json\/wp\/v2\/media?parent=6795"}],"wp:term":[{"taxonomy":"category","embeddable":true,"href":"https:\/\/fechiteme.cl\/ns\/wp-json\/wp\/v2\/categories?post=6795"},{"taxonomy":"post_tag","embeddable":true,"href":"https:\/\/fechiteme.cl\/ns\/wp-json\/wp\/v2\/tags?post=6795"}],"curies":[{"name":"wp","href":"https:\/\/api.w.org\/{rel}","templated":true}]}}