{"id":6810,"date":"2026-09-01T20:35:12","date_gmt":"2026-09-01T20:35:12","guid":{"rendered":"https:\/\/fechiteme.cl\/ns\/?p=6810"},"modified":"2026-09-01T20:36:25","modified_gmt":"2026-09-01T20:36:25","slug":"quienes-seran-los-artistas-de-la-ceremonia-de-apertura-en-rosario","status":"publish","type":"post","link":"https:\/\/fechiteme.cl\/ns\/2026\/09\/01\/quienes-seran-los-artistas-de-la-ceremonia-de-apertura-en-rosario\/","title":{"rendered":"Qui\u00e9nes ser\u00e1n los artistas de la Ceremonia de Apertura en Rosario"},"content":{"rendered":"\t\t<div data-elementor-type=\"wp-post\" data-elementor-id=\"6810\" class=\"elementor elementor-6810\" data-elementor-post-type=\"post\">\n\t\t\t\t<div class=\"elementor-element elementor-element-55bff87 e-flex e-con-boxed e-con e-parent\" data-id=\"55bff87\" data-element_type=\"container\">\n\t\t\t\t\t<div class=\"e-con-inner\">\n\t\t\t\t<div class=\"elementor-element elementor-element-b8fdc36 elementor-widget elementor-widget-text-editor\" data-id=\"b8fdc36\" data-element_type=\"widget\" data-widget_type=\"text-editor.default\">\n\t\t\t\t<div class=\"elementor-widget-container\">\n\t\t\t\t\t\t\t\t\t<p>La Ceremonia de Apertura de los XIII Juegos Suramericanos Santa Fe 2026 tendr\u00e1 a la m\u00fasica argentina como una de sus grandes protagonistas. Soledad Pastorutti, Abel Pintos, Juan Carlos Baglietto, Luck Ra, Cacho Deicas, Valentino Merlo y Agust\u00edn Rada Aristar\u00e1n formar\u00e1n parte del espect\u00e1culo que el s\u00e1bado 12 de septiembre abrir\u00e1 oficialmente los Juegos en el entorno del Monumento Nacional a la Bandera, en Rosario.<br \/>Con arreglos musicales de Lito Vitale, la propuesta reunir\u00e1 sobre un mismo escenario a artistas de distintas generaciones y estilos. La m\u00fasica ser\u00e1 parte de una puesta pensada especialmente para Santa Fe 2026, en la que se combinar\u00e1n identidad santafesina, deporte, historia y tecnolog\u00eda.<br \/>No se tratar\u00e1 de una sucesi\u00f3n de recitales. Cada participaci\u00f3n estar\u00e1 integrada a una ceremonia que buscar\u00e1 contar la idiosincrasia local, c\u00f3mo se construy\u00f3 Santa Fe y de qu\u00e9 manera el deporte puede convertirse en un punto de encuentro para toda Sudam\u00e9rica.<\/p><p><strong>Una ceremonia pensada como un espect\u00e1culo integral<\/strong><\/p><p>El Monumento Nacional a la Bandera ser\u00e1 parte central de la puesta. Habr\u00e1 mapping, grandes pantallas, iluminaci\u00f3n y recursos esc\u00e9nicos que acompa\u00f1ar\u00e1n el recorrido art\u00edstico de la noche.<br \/>M\u00e1s de 100 artistas estar\u00e1n en escena y alrededor de 400 personas trabajan en la producci\u00f3n y el montaje de una ceremonia que fue dise\u00f1ada especialmente para la apertura de los Juegos.<br \/>La propuesta recorrer\u00e1 diferentes universos musicales y deportivos, con momentos vinculados a la identidad provincial, la integraci\u00f3n sudamericana y las distintas disciplinas que formar\u00e1n parte de Santa Fe 2026.<br \/>La presencia de artistas santafesinos tendr\u00e1 un peso especial. Soledad Pastorutti, Juan Carlos Baglietto, Cacho Deicas y Valentino Merlo llevar\u00e1n al escenario distintas expresiones de una provincia atravesada por la m\u00fasica popular, mientras que Abel Pintos, Luck Ra y Agust\u00edn Rada Aristar\u00e1n se sumar\u00e1n a una puesta que buscar\u00e1 combinar tradici\u00f3n, nuevas generaciones y celebraci\u00f3n.<\/p><p><strong>Una noche abierta a toda Sudam\u00e9rica<\/strong><\/p><p>La Ceremonia de Apertura se realizar\u00e1 el s\u00e1bado 12 de septiembre, desde las 18, con acceso libre y gratuito. Ser\u00e1 el punto de partida de los Juegos Suramericanos, que se desarrollar\u00e1n hasta el 26 de septiembre en Rosario, Santa Fe y Rafaela, con la participaci\u00f3n de m\u00e1s de 4.000 atletas de 15 pa\u00edses en 43 deportes y 60 disciplinas.<br \/>Con el escenario ya en pleno montaje y los artistas confirmados, la cuenta regresiva entra en su etapa final. El 12 de septiembre, el Monumento dejar\u00e1 de ser solamente el marco de la ceremonia: ser\u00e1 parte de un espect\u00e1culo pensado para recibir a Sudam\u00e9rica desde Rosario.<\/p><p><br \/><strong>Fuente: https:\/\/santafe2026.ar\/node\/640<\/strong><\/p>\t\t\t\t\t\t\t\t<\/div>\n\t\t\t\t<\/div>\n\t\t\t\t\t<\/div>\n\t\t\t\t<\/div>\n\t\t\t\t<\/div>\n\t\t","protected":false},"excerpt":{"rendered":"<p>La Ceremonia de Apertura de los XIII Juegos Suramericanos Santa Fe 2026 tendr\u00e1 a la m\u00fasica argentina como una de sus grandes protagonistas. Soledad Pastorutti, Abel Pintos, Juan Carlos Baglietto, Luck Ra, Cacho Deicas, Valentino Merlo y Agust\u00edn Rada Aristar\u00e1n formar\u00e1n parte del espect\u00e1culo que el s\u00e1bado 12 de septiembre abrir\u00e1 oficialmente los Juegos en&#8230;<\/p>\n","protected":false},"author":1,"featured_media":6811,"comment_status":"closed","ping_status":"closed","sticky":false,"template":"","format":"standard","meta":{"footnotes":""},"categories":[51],"tags":[],"class_list":["post-6810","post","type-post","status-publish","format-standard","has-post-thumbnail","hentry","category-juegos-odesur-2026"],"_links":{"self":[{"href":"https:\/\/fechiteme.cl\/ns\/wp-json\/wp\/v2\/posts\/6810","targetHints":{"allow":["GET"]}}],"collection":[{"href":"https:\/\/fechiteme.cl\/ns\/wp-json\/wp\/v2\/posts"}],"about":[{"href":"https:\/\/fechiteme.cl\/ns\/wp-json\/wp\/v2\/types\/post"}],"author":[{"embeddable":true,"href":"https:\/\/fechiteme.cl\/ns\/wp-json\/wp\/v2\/users\/1"}],"replies":[{"embeddable":true,"href":"https:\/\/fechiteme.cl\/ns\/wp-json\/wp\/v2\/comments?post=6810"}],"version-history":[{"count":3,"href":"https:\/\/fechiteme.cl\/ns\/wp-json\/wp\/v2\/posts\/6810\/revisions"}],"predecessor-version":[{"id":6814,"href":"https:\/\/fechiteme.cl\/ns\/wp-json\/wp\/v2\/posts\/6810\/revisions\/6814"}],"wp:featuredmedia":[{"embeddable":true,"href":"https:\/\/fechiteme.cl\/ns\/wp-json\/wp\/v2\/media\/6811"}],"wp:attachment":[{"href":"https:\/\/fechiteme.cl\/ns\/wp-json\/wp\/v2\/media?parent=6810"}],"wp:term":[{"taxonomy":"category","embeddable":true,"href":"https:\/\/fechiteme.cl\/ns\/wp-json\/wp\/v2\/categories?post=6810"},{"taxonomy":"post_tag","embeddable":true,"href":"https:\/\/fechiteme.cl\/ns\/wp-json\/wp\/v2\/tags?post=6810"}],"curies":[{"name":"wp","href":"https:\/\/api.w.org\/{rel}","templated":true}]}}